{"id":10221,"date":"2021-06-21T18:40:43","date_gmt":"2021-06-21T16:40:43","guid":{"rendered":"https:\/\/gaudeamusprojecta.dissenygrafic.org\/pilar-velez-madrina-de-la-4a-edicion-de-los-premios-gaudeamusprojecta-y-colegiada-de-honor-2021\/"},"modified":"2023-01-26T17:11:04","modified_gmt":"2023-01-26T15:11:04","slug":"pilar-velez-madrina-de-la-4a-edicion-de-los-premios-gaudeamusprojecta-y-colegiada-de-honor-2021","status":"publish","type":"post","link":"https:\/\/gaudeamusprojecta.dissenygrafic.org\/es\/pilar-velez-madrina-de-la-4a-edicion-de-los-premios-gaudeamusprojecta-y-colegiada-de-honor-2021\/","title":{"rendered":"Pilar V\u00e9lez, madrina de la 4\u00aa edici\u00f3n de los Premios gaudeamusPROJECTA y colegiada de honor 2021"},"content":{"rendered":"\t\t<div data-elementor-type=\"wp-post\" data-elementor-id=\"10221\" class=\"elementor elementor-10221 elementor-5073\">\n\t\t\t\t\t\t<section class=\"elementor-section elementor-top-section elementor-element elementor-element-62218e1c elementor-section-boxed elementor-section-height-default elementor-section-height-default\" data-id=\"62218e1c\" data-element_type=\"section\" data-e-type=\"section\" data-settings=\"{&quot;background_background&quot;:&quot;gradient&quot;}\">\n\t\t\t\t\t\t<div class=\"elementor-container elementor-column-gap-no\">\n\t\t\t\t\t<div class=\"elementor-column elementor-col-100 elementor-top-column elementor-element elementor-element-6a59dc83\" data-id=\"6a59dc83\" data-element_type=\"column\" data-e-type=\"column\">\n\t\t\t<div class=\"elementor-widget-wrap elementor-element-populated\">\n\t\t\t\t\t\t<div class=\"elementor-element elementor-element-6d9c8968 elementor-widget elementor-widget-heading\" data-id=\"6d9c8968\" data-element_type=\"widget\" data-e-type=\"widget\" data-widget_type=\"heading.default\">\n\t\t\t\t<div class=\"elementor-widget-container\">\n\t\t\t\t\t<h6 class=\"elementor-heading-title elementor-size-default\">premios gaudeamus projecta 4\u00aa edici\u00f3n<\/h6>\t\t\t\t<\/div>\n\t\t\t\t<\/div>\n\t\t\t\t<div class=\"elementor-element elementor-element-165b8603 elementor-widget elementor-widget-heading\" data-id=\"165b8603\" data-element_type=\"widget\" data-e-type=\"widget\" data-widget_type=\"heading.default\">\n\t\t\t\t<div class=\"elementor-widget-container\">\n\t\t\t\t\t<h1 class=\"elementor-heading-title elementor-size-default\">Pilar V\u00e9lez, madrina de la 4\u00aa edici\u00f3n de los Premios gaudeamusPROJECTA y colegiada de honor 2021<\/h1>\t\t\t\t<\/div>\n\t\t\t\t<\/div>\n\t\t\t\t<div class=\"elementor-element elementor-element-38feb36d elementor-widget elementor-widget-heading\" data-id=\"38feb36d\" data-element_type=\"widget\" data-e-type=\"widget\" data-widget_type=\"heading.default\">\n\t\t\t\t<div class=\"elementor-widget-container\">\n\t\t\t\t\t<h6 class=\"elementor-heading-title elementor-size-default\">21.06.21<\/h6>\t\t\t\t<\/div>\n\t\t\t\t<\/div>\n\t\t\t\t\t<\/div>\n\t\t<\/div>\n\t\t\t\t\t<\/div>\n\t\t<\/section>\n\t\t\t\t<section class=\"elementor-section elementor-top-section elementor-element elementor-element-34191cf3 elementor-section-boxed elementor-section-height-default elementor-section-height-default\" data-id=\"34191cf3\" data-element_type=\"section\" data-e-type=\"section\" data-settings=\"{&quot;background_background&quot;:&quot;classic&quot;}\">\n\t\t\t\t\t\t<div class=\"elementor-container elementor-column-gap-no\">\n\t\t\t\t\t<div class=\"elementor-column elementor-col-100 elementor-top-column elementor-element elementor-element-8ed59c5\" data-id=\"8ed59c5\" data-element_type=\"column\" data-e-type=\"column\">\n\t\t\t<div class=\"elementor-widget-wrap elementor-element-populated\">\n\t\t\t\t\t\t<div class=\"elementor-element elementor-element-f5841b0 elementor-widget elementor-widget-image\" data-id=\"f5841b0\" data-element_type=\"widget\" data-e-type=\"widget\" data-widget_type=\"image.default\">\n\t\t\t\t<div class=\"elementor-widget-container\">\n\t\t\t\t\t\t\t\t\t\t\t\t\t\t\t<img fetchpriority=\"high\" decoding=\"async\" width=\"800\" height=\"575\" src=\"https:\/\/gaudeamusprojecta.dissenygrafic.org\/wp-content\/uploads\/2021\/08\/Pilar-Velez_MuseuDissenyBcn.jpeg\" class=\"attachment-full size-full wp-image-7861\" alt=\"\" srcset=\"https:\/\/gaudeamusprojecta.dissenygrafic.org\/wp-content\/uploads\/2021\/08\/Pilar-Velez_MuseuDissenyBcn.jpeg 800w, https:\/\/gaudeamusprojecta.dissenygrafic.org\/wp-content\/uploads\/2021\/08\/Pilar-Velez_MuseuDissenyBcn-300x216.jpeg 300w, https:\/\/gaudeamusprojecta.dissenygrafic.org\/wp-content\/uploads\/2021\/08\/Pilar-Velez_MuseuDissenyBcn-768x552.jpeg 768w\" sizes=\"(max-width: 800px) 100vw, 800px\" \/>\t\t\t\t\t\t\t\t\t\t\t\t\t\t\t<\/div>\n\t\t\t\t<\/div>\n\t\t\t\t<section class=\"elementor-section elementor-inner-section elementor-element elementor-element-5626dffb elementor-section-boxed elementor-section-height-default elementor-section-height-default\" data-id=\"5626dffb\" data-element_type=\"section\" data-e-type=\"section\">\n\t\t\t\t\t\t<div class=\"elementor-container elementor-column-gap-no\">\n\t\t\t\t\t<div class=\"elementor-column elementor-col-100 elementor-inner-column elementor-element elementor-element-13170374\" data-id=\"13170374\" data-element_type=\"column\" data-e-type=\"column\">\n\t\t\t<div class=\"elementor-widget-wrap elementor-element-populated\">\n\t\t\t\t\t\t<div class=\"elementor-element elementor-element-c59c32b elementor-widget elementor-widget-text-editor\" data-id=\"c59c32b\" data-element_type=\"widget\" data-e-type=\"widget\" data-widget_type=\"text-editor.default\">\n\t\t\t\t<div class=\"elementor-widget-container\">\n\t\t\t\t\t\t\t\t\t<h4><span style=\"font-size: 1.41176rem; font-weight: 400;\">La Dra. <\/span><span style=\"font-size: 1.41176rem;\"><b>Pilar V\u00e9lez<\/b><\/span><span style=\"font-size: 1.41176rem; font-weight: 400;\">, directora del <u>Museu de l&#8217;Disseny de Barcelona<\/u>, padrina de la 4a edici\u00f3n de los Premios <i>gaudeamus<\/i>PROJECTA, ha sido reconocida<\/span> <span style=\"font-size: 1.41176rem;\"><b>Colegiada de Honor 2021<\/b><\/span><span style=\"font-size: 1.41176rem; font-weight: 400;\">en el acto protocolario que se celebr\u00f3 el pasado d\u00eda 16 de junio, en el marco de la 4\u00aa Jornada de presentaci\u00f3n de proyectos y galardones de los <i>gaudeamus<\/i>PROJECTA.<\/span><\/h4>\n<p><span style=\"font-size: 17px;\"><b>Daniel Giralt-Miracle, Colegiado de Honor 2020<\/b>, y padrino de la anterior edici\u00f3n, proclam\u00f3 la glosa de los m\u00e9ritos relevantes en favor del dise\u00f1o gr\u00e1fico de Pilar V\u00e9lez.<\/span><\/p>\n\t\t\t\t\t\t\t\t<\/div>\n\t\t\t\t<\/div>\n\t\t\t\t\t<\/div>\n\t\t<\/div>\n\t\t\t\t\t<\/div>\n\t\t<\/section>\n\t\t\t\t<section class=\"elementor-section elementor-inner-section elementor-element elementor-element-97e4a2c elementor-section-boxed elementor-section-height-default elementor-section-height-default\" data-id=\"97e4a2c\" data-element_type=\"section\" data-e-type=\"section\">\n\t\t\t\t\t\t<div class=\"elementor-container elementor-column-gap-no\">\n\t\t\t\t\t<div class=\"elementor-column elementor-col-100 elementor-inner-column elementor-element elementor-element-93696e7\" data-id=\"93696e7\" data-element_type=\"column\" data-e-type=\"column\">\n\t\t\t<div class=\"elementor-widget-wrap elementor-element-populated\">\n\t\t\t\t\t\t<div class=\"elementor-element elementor-element-e261de1 elementor-widget elementor-widget-video\" data-id=\"e261de1\" data-element_type=\"widget\" data-e-type=\"widget\" data-settings=\"{&quot;video_type&quot;:&quot;vimeo&quot;}\" data-widget_type=\"video.default\">\n\t\t\t\t<div class=\"elementor-widget-container\">\n\t\t\t\t\t\t\t<div class=\"elementor-wrapper elementor-open-inline\">\n\t\t\t<iframe class=\"elementor-video-iframe\" allowfullscreen allow=\"clipboard-write\" title=\"Reproductor de v\u00eddeo vimeo\" src=\"https:\/\/player.vimeo.com\/video\/572147417?color&amp;autopause=0&amp;loop=0&amp;muted=0&amp;title=0&amp;portrait=0&amp;byline=0#t=\"><\/iframe>\t\t<\/div>\n\t\t\t\t\t\t<\/div>\n\t\t\t\t<\/div>\n\t\t\t\t\t<\/div>\n\t\t<\/div>\n\t\t\t\t\t<\/div>\n\t\t<\/section>\n\t\t\t\t<section class=\"elementor-section elementor-inner-section elementor-element elementor-element-10d0185 elementor-section-boxed elementor-section-height-default elementor-section-height-default\" data-id=\"10d0185\" data-element_type=\"section\" data-e-type=\"section\">\n\t\t\t\t\t\t<div class=\"elementor-container elementor-column-gap-no\">\n\t\t\t\t\t<div class=\"elementor-column elementor-col-100 elementor-inner-column elementor-element elementor-element-a393983\" data-id=\"a393983\" data-element_type=\"column\" data-e-type=\"column\">\n\t\t\t<div class=\"elementor-widget-wrap elementor-element-populated\">\n\t\t\t\t\t\t<div class=\"elementor-element elementor-element-4fc1186 elementor-widget elementor-widget-text-editor\" data-id=\"4fc1186\" data-element_type=\"widget\" data-e-type=\"widget\" data-widget_type=\"text-editor.default\">\n\t\t\t\t<div class=\"elementor-widget-container\">\n\t\t\t\t\t\t\t\t\t<h4 style=\"text-align: center;\"><b>\u00a1Enhorabuena, Pilar!<br \/><\/b><b>\u00a1Gracias, Daniel!<\/b><\/h4>\n\t\t\t\t\t\t\t\t<\/div>\n\t\t\t\t<\/div>\n\t\t\t\t\t<\/div>\n\t\t<\/div>\n\t\t\t\t\t<\/div>\n\t\t<\/section>\n\t\t\t\t\t<\/div>\n\t\t<\/div>\n\t\t\t\t\t<\/div>\n\t\t<\/section>\n\t\t\t\t<section class=\"elementor-section elementor-top-section elementor-element elementor-element-7e23a9c elementor-section-boxed elementor-section-height-default elementor-section-height-default\" data-id=\"7e23a9c\" data-element_type=\"section\" data-e-type=\"section\" data-settings=\"{&quot;background_background&quot;:&quot;classic&quot;}\">\n\t\t\t\t\t\t<div class=\"elementor-container elementor-column-gap-no\">\n\t\t\t\t\t<div class=\"elementor-column elementor-col-100 elementor-top-column elementor-element elementor-element-82472ff\" data-id=\"82472ff\" data-element_type=\"column\" data-e-type=\"column\">\n\t\t\t<div class=\"elementor-widget-wrap elementor-element-populated\">\n\t\t\t\t\t\t<div class=\"elementor-element elementor-element-e984fab elementor-widget elementor-widget-heading\" data-id=\"e984fab\" data-element_type=\"widget\" data-e-type=\"widget\" data-widget_type=\"heading.default\">\n\t\t\t\t<div class=\"elementor-widget-container\">\n\t\t\t\t\t<h3 class=\"elementor-heading-title elementor-size-default\">Noticias relacionadas<\/h3>\t\t\t\t<\/div>\n\t\t\t\t<\/div>\n\t\t\t\t<div class=\"elementor-element elementor-element-2411932 elementor-grid-eael-col-3 elementor-grid-tablet-eael-col-2 elementor-grid-mobile-eael-col-1 elementor-widget elementor-widget-eael-post-grid\" data-id=\"2411932\" data-element_type=\"widget\" data-e-type=\"widget\" data-settings=\"{&quot;eael_post_grid_columns&quot;:&quot;eael-col-3&quot;,&quot;eael_post_grid_columns_tablet&quot;:&quot;eael-col-2&quot;,&quot;eael_post_grid_columns_mobile&quot;:&quot;eael-col-1&quot;}\" data-widget_type=\"eael-post-grid.default\">\n\t\t\t\t<div class=\"elementor-widget-container\">\n\t\t\t\t\t<div id=\"eael-post-grid-2411932\" class=\"eael-post-grid-container\">\n            <div class=\"eael-post-grid eael-post-appender eael-post-appender-2411932 eael-post-grid-style-one\" data-layout-mode=\"masonry\"><article class=\"eael-grid-post  eael-post-grid-column eael-pg-post-17655 category-noticias\" data-id=\"17655\">\n        <div class=\"eael-grid-post-holder\">\n            <div class=\"eael-grid-post-holder-inner\"><div class=\"eael-entry-media\"><div class=\"eael-entry-overlay fade-in\"><i class=\"\" aria-hidden=\"true\"><\/i><a href=\"https:\/\/gaudeamusprojecta.dissenygrafic.org\/es\/open-call-gaudeamusprojecta-9a-ed\/\"><\/a><\/div><div class=\"eael-entry-thumbnail \">\n                <img decoding=\"async\" width=\"300\" height=\"169\" src=\"https:\/\/gaudeamusprojecta.dissenygrafic.org\/wp-content\/uploads\/2025\/10\/gP9_KeyVisual_general-300x169.jpg\" class=\"attachment-medium size-medium wp-image-17647\" alt=\"\" srcset=\"https:\/\/gaudeamusprojecta.dissenygrafic.org\/wp-content\/uploads\/2025\/10\/gP9_KeyVisual_general-300x169.jpg 300w, https:\/\/gaudeamusprojecta.dissenygrafic.org\/wp-content\/uploads\/2025\/10\/gP9_KeyVisual_general-768x432.jpg 768w, https:\/\/gaudeamusprojecta.dissenygrafic.org\/wp-content\/uploads\/2025\/10\/gP9_KeyVisual_general.jpg 1000w\" sizes=\"(max-width: 300px) 100vw, 300px\" \/>\n            <\/div>\n        <\/div><div class=\"eael-entry-wrapper\"><header class=\"eael-entry-header\"><h2 class=\"eael-entry-title\"><a class=\"eael-grid-post-link\" href=\"https:\/\/gaudeamusprojecta.dissenygrafic.org\/es\/open-call-gaudeamusprojecta-9a-ed\/\" title=\"OPEN CALL gaudeamusProjecta 9\u00aa ED\">OPEN CALL gaudeamusProjecta 9\u00aa ED<\/a><\/h2><\/header><div class=\"eael-entry-content\">\n                        <div class=\"eael-grid-post-excerpt\"><a href=\"https:\/\/gaudeamusprojecta.dissenygrafic.org\/es\/open-call-gaudeamusprojecta-9a-ed\/\" class=\"eael-post-elements-readmore-btn\">Leer m\u00e1s<\/a><\/div>\n                    <\/div><div class=\"eael-entry-footer\"><div class=\"eael-author-avatar\"><a href=\"https:\/\/gaudeamusprojecta.dissenygrafic.org\/es\/author\/projectes\/\"><\/a><\/div><div class=\"eael-entry-meta\"><\/div><\/div><\/div><\/div>\n        <\/div>\n    <\/article><article class=\"eael-grid-post  eael-post-grid-column eael-pg-post-17494 category-noticias\" data-id=\"17494\">\n        <div class=\"eael-grid-post-holder\">\n            <div class=\"eael-grid-post-holder-inner\"><div class=\"eael-entry-media\"><div class=\"eael-entry-overlay fade-in\"><i class=\"\" aria-hidden=\"true\"><\/i><a href=\"https:\/\/gaudeamusprojecta.dissenygrafic.org\/es\/cronica-de-la-ceremonia-de-la-8a-edicion-de-los-premios-gaudeamusprojecta\/\"><\/a><\/div><div class=\"eael-entry-thumbnail \">\n                <img decoding=\"async\" width=\"300\" height=\"169\" src=\"https:\/\/gaudeamusprojecta.dissenygrafic.org\/wp-content\/uploads\/2025\/06\/gP8_Foto_final-300x169.jpg\" class=\"attachment-medium size-medium wp-image-17349\" alt=\"\" srcset=\"https:\/\/gaudeamusprojecta.dissenygrafic.org\/wp-content\/uploads\/2025\/06\/gP8_Foto_final-300x169.jpg 300w, https:\/\/gaudeamusprojecta.dissenygrafic.org\/wp-content\/uploads\/2025\/06\/gP8_Foto_final-1024x576.jpg 1024w, https:\/\/gaudeamusprojecta.dissenygrafic.org\/wp-content\/uploads\/2025\/06\/gP8_Foto_final-768x432.jpg 768w, https:\/\/gaudeamusprojecta.dissenygrafic.org\/wp-content\/uploads\/2025\/06\/gP8_Foto_final.jpg 1280w\" sizes=\"(max-width: 300px) 100vw, 300px\" \/>\n            <\/div>\n        <\/div><div class=\"eael-entry-wrapper\"><header class=\"eael-entry-header\"><h2 class=\"eael-entry-title\"><a class=\"eael-grid-post-link\" href=\"https:\/\/gaudeamusprojecta.dissenygrafic.org\/es\/cronica-de-la-ceremonia-de-la-8a-edicion-de-los-premios-gaudeamusprojecta\/\" title=\"Cr\u00f3nica de la ceremonia de la 8\u00aa edici\u00f3n de los premios gaudeamusPROJECTA\">Cr\u00f3nica de la ceremonia de la 8\u00aa edici\u00f3n de los premios gaudeamusPROJECTA<\/a><\/h2><\/header><div class=\"eael-entry-content\">\n                        <div class=\"eael-grid-post-excerpt\"><a href=\"https:\/\/gaudeamusprojecta.dissenygrafic.org\/es\/cronica-de-la-ceremonia-de-la-8a-edicion-de-los-premios-gaudeamusprojecta\/\" class=\"eael-post-elements-readmore-btn\">Leer m\u00e1s<\/a><\/div>\n                    <\/div><div class=\"eael-entry-footer\"><div class=\"eael-author-avatar\"><a href=\"https:\/\/gaudeamusprojecta.dissenygrafic.org\/es\/author\/projectes\/\"><\/a><\/div><div class=\"eael-entry-meta\"><\/div><\/div><\/div><\/div>\n        <\/div>\n    <\/article><article class=\"eael-grid-post  eael-post-grid-column eael-pg-post-17340 category-noticias\" data-id=\"17340\">\n        <div class=\"eael-grid-post-holder\">\n            <div class=\"eael-grid-post-holder-inner\"><div class=\"eael-entry-media\"><div class=\"eael-entry-overlay fade-in\"><i class=\"\" aria-hidden=\"true\"><\/i><a href=\"https:\/\/gaudeamusprojecta.dissenygrafic.org\/es\/estos-son-los-proyectos-ganadores-de-la-8a-edicion-de-gaudeamusprojectaaquests-son-els-projectes-guanyadors-de-la-8a-edicio-dels-premis-gaudeamusprojecta\/\"><\/a><\/div><div class=\"eael-entry-thumbnail \">\n                <img loading=\"lazy\" decoding=\"async\" width=\"300\" height=\"169\" src=\"https:\/\/gaudeamusprojecta.dissenygrafic.org\/wp-content\/uploads\/2025\/06\/projectes_8ed-300x169.jpg\" class=\"attachment-medium size-medium wp-image-17333\" alt=\"\" srcset=\"https:\/\/gaudeamusprojecta.dissenygrafic.org\/wp-content\/uploads\/2025\/06\/projectes_8ed-300x169.jpg 300w, https:\/\/gaudeamusprojecta.dissenygrafic.org\/wp-content\/uploads\/2025\/06\/projectes_8ed-1024x576.jpg 1024w, https:\/\/gaudeamusprojecta.dissenygrafic.org\/wp-content\/uploads\/2025\/06\/projectes_8ed-768x432.jpg 768w, https:\/\/gaudeamusprojecta.dissenygrafic.org\/wp-content\/uploads\/2025\/06\/projectes_8ed.jpg 1280w\" sizes=\"(max-width: 300px) 100vw, 300px\" \/>\n            <\/div>\n        <\/div><div class=\"eael-entry-wrapper\"><header class=\"eael-entry-header\"><h2 class=\"eael-entry-title\"><a class=\"eael-grid-post-link\" href=\"https:\/\/gaudeamusprojecta.dissenygrafic.org\/es\/estos-son-los-proyectos-ganadores-de-la-8a-edicion-de-gaudeamusprojectaaquests-son-els-projectes-guanyadors-de-la-8a-edicio-dels-premis-gaudeamusprojecta\/\" title=\"Estos son los proyectos ganadores de la 8\u00aa edici\u00f3n de gaudeamusPROJECTA\">Estos son los proyectos ganadores de la 8\u00aa edici\u00f3n de gaudeamusPROJECTA<\/a><\/h2><\/header><div class=\"eael-entry-content\">\n                        <div class=\"eael-grid-post-excerpt\"><a href=\"https:\/\/gaudeamusprojecta.dissenygrafic.org\/es\/estos-son-los-proyectos-ganadores-de-la-8a-edicion-de-gaudeamusprojectaaquests-son-els-projectes-guanyadors-de-la-8a-edicio-dels-premis-gaudeamusprojecta\/\" class=\"eael-post-elements-readmore-btn\">Leer m\u00e1s<\/a><\/div>\n                    <\/div><div class=\"eael-entry-footer\"><div class=\"eael-author-avatar\"><a href=\"https:\/\/gaudeamusprojecta.dissenygrafic.org\/es\/author\/projectes\/\"><\/a><\/div><div class=\"eael-entry-meta\"><\/div><\/div><\/div><\/div>\n        <\/div>\n    <\/article><\/div>\n            <div class=\"clearfix\"><\/div>\n        <\/div>            <div class=\"eael-load-more-button-wrap eael-force-hide\">\n                <button class=\"eael-load-more-button\" id=\"eael-load-more-btn-2411932\" data-widget-id=\"2411932\" data-widget=\"2411932\" data-page-id=\"10221\" data-template=\"{&quot;dir&quot;:&quot;lite&quot;,&quot;file_name&quot;:&quot;one.php&quot;,&quot;name&quot;:&quot;Post-Grid&quot;}\" data-class=\"Essential_Addons_Elementor\\Elements\\Post_Grid\" data-layout=\"masonry\" data-page=\"1\" data-args=\"orderby=date&amp;order=desc&amp;ignore_sticky_posts=1&amp;post_status=publish&amp;posts_per_page=3&amp;offset=0&amp;post_type=post&amp;tax_query%5B0%5D%5Btaxonomy%5D=category&amp;tax_query%5B0%5D%5Bfield%5D=term_id&amp;tax_query%5B0%5D%5Bterms%5D%5B0%5D=36&amp;tax_query%5Brelation%5D=AND&amp;post__not_in%5B0%5D=5073\" data-max-page=\"16\">\n                    <span class=\"eael-btn-loader button__loader\"><\/span>\n                    <span class=\"eael_load_more_text\">Cargar m\u00e1s<\/span>\n                <\/button>\n            <\/div>\n            \t\t\t\t<\/div>\n\t\t\t\t<\/div>\n\t\t\t\t\t<\/div>\n\t\t<\/div>\n\t\t\t\t\t<\/div>\n\t\t<\/section>\n\t\t\t\t<section class=\"elementor-section elementor-top-section elementor-element elementor-element-22dd962 elementor-section-boxed elementor-section-height-default elementor-section-height-default\" data-id=\"22dd962\" data-element_type=\"section\" data-e-type=\"section\" data-settings=\"{&quot;background_background&quot;:&quot;classic&quot;}\">\n\t\t\t\t\t\t<div class=\"elementor-container elementor-column-gap-default\">\n\t\t\t\t\t<div class=\"elementor-column elementor-col-100 elementor-top-column elementor-element elementor-element-8839ab7\" data-id=\"8839ab7\" data-element_type=\"column\" data-e-type=\"column\">\n\t\t\t<div class=\"elementor-widget-wrap elementor-element-populated\">\n\t\t\t\t\t\t<div class=\"elementor-element elementor-element-ecf4b68 elementor-widget elementor-widget-heading\" data-id=\"ecf4b68\" data-element_type=\"widget\" data-e-type=\"widget\" data-widget_type=\"heading.default\">\n\t\t\t\t<div class=\"elementor-widget-container\">\n\t\t\t\t\t<h4 class=\"elementor-heading-title elementor-size-default\">\u00danete a nuestro Newsletter<\/h4>\t\t\t\t<\/div>\n\t\t\t\t<\/div>\n\t\t\t\t<div class=\"elementor-element elementor-element-4e8b565 elementor-align-center elementor-tablet-align-center elementor-mobile-align-center elementor-widget elementor-widget-button\" data-id=\"4e8b565\" data-element_type=\"widget\" data-e-type=\"widget\" data-widget_type=\"button.default\">\n\t\t\t\t<div class=\"elementor-widget-container\">\n\t\t\t\t\t\t\t\t\t<div class=\"elementor-button-wrapper\">\n\t\t\t\t\t<a class=\"elementor-button elementor-button-link elementor-size-md\" href=\"http:\/\/eepurl.com\/dyFHkD\">\n\t\t\t\t\t\t<span class=\"elementor-button-content-wrapper\">\n\t\t\t\t\t\t\t\t\t<span class=\"elementor-button-text\">SUSCRIBIRME<\/span>\n\t\t\t\t\t<\/span>\n\t\t\t\t\t<\/a>\n\t\t\t\t<\/div>\n\t\t\t\t\t\t\t\t<\/div>\n\t\t\t\t<\/div>\n\t\t\t\t\t<\/div>\n\t\t<\/div>\n\t\t\t\t\t<\/div>\n\t\t<\/section>\n\t\t\t\t<\/div>\n\t\t","protected":false},"excerpt":{"rendered":"<p>La Dra. La Dra. Pilar V\u00e9lez, directora del Museo del Dise\u00f1o de Barcelona, madrina de la 4\u00aa edici\u00f3n de los Premios gaudeamusPROJECTA, ha sido reconocida Colegiada de Honor 2021<\/p>\n","protected":false},"author":3,"featured_media":7861,"comment_status":"closed","ping_status":"closed","sticky":false,"template":"elementor_header_footer","format":"standard","meta":{"site-sidebar-layout":"default","site-content-layout":"default","ast-site-content-layout":"default","site-content-style":"default","site-sidebar-style":"default","ast-global-header-display":"","ast-banner-title-visibility":"","ast-main-header-display":"","ast-hfb-above-header-display":"","ast-hfb-below-header-display":"","ast-hfb-mobile-header-display":"","site-post-title":"","ast-breadcrumbs-content":"","ast-featured-img":"","footer-sml-layout":"","ast-disable-related-posts":"","theme-transparent-header-meta":"default","adv-header-id-meta":"","stick-header-meta":"","header-above-stick-meta":"","header-main-stick-meta":"","header-below-stick-meta":"","astra-migrate-meta-layouts":"default","ast-page-background-enabled":"default","ast-page-background-meta":{"desktop":{"background-color":"","background-image":"","background-repeat":"repeat","background-position":"center center","background-size":"auto","background-attachment":"scroll","background-type":"","background-media":"","overlay-type":"","overlay-color":"","overlay-opacity":"","overlay-gradient":""},"tablet":{"background-color":"","background-image":"","background-repeat":"repeat","background-position":"center center","background-size":"auto","background-attachment":"scroll","background-type":"","background-media":"","overlay-type":"","overlay-color":"","overlay-opacity":"","overlay-gradient":""},"mobile":{"background-color":"","background-image":"","background-repeat":"repeat","background-position":"center center","background-size":"auto","background-attachment":"scroll","background-type":"","background-media":"","overlay-type":"","overlay-color":"","overlay-opacity":"","overlay-gradient":""}},"ast-content-background-meta":{"desktop":{"background-color":"var(--ast-global-color-5)","background-image":"","background-repeat":"repeat","background-position":"center center","background-size":"auto","background-attachment":"scroll","background-type":"","background-media":"","overlay-type":"","overlay-color":"","overlay-opacity":"","overlay-gradient":""},"tablet":{"background-color":"var(--ast-global-color-5)","background-image":"","background-repeat":"repeat","background-position":"center center","background-size":"auto","background-attachment":"scroll","background-type":"","background-media":"","overlay-type":"","overlay-color":"","overlay-opacity":"","overlay-gradient":""},"mobile":{"background-color":"var(--ast-global-color-5)","background-image":"","background-repeat":"repeat","background-position":"center center","background-size":"auto","background-attachment":"scroll","background-type":"","background-media":"","overlay-type":"","overlay-color":"","overlay-opacity":"","overlay-gradient":""}},"footnotes":""},"categories":[129],"tags":[],"class_list":["post-10221","post","type-post","status-publish","format-standard","has-post-thumbnail","hentry","category-noticias"],"yoast_head":"<!-- This site is optimized with the Yoast SEO plugin v27.1.1 - https:\/\/yoast.com\/product\/yoast-seo-wordpress\/ -->\n<title>Pilar V\u00e9lez, madrina de la 4\u00aa edici\u00f3n de los Premios gaudeamusPROJECTA y colegiada de honor 2021 - gaudeamusProjecta<\/title>\n<meta name=\"description\" content=\"El pasado d\u00eda 28, se ha celebrado la 3\u00aa Jornada de los Premios gaudeamusPROJECTA. vvvvv En esta edici\u00f3n en un formato h\u00edbrido, presencial y online, con retransmisi\u00f3n in streaming desde el Centre d\u2019Arts Santa M\u00f3nica de Barcelona.\" \/>\n<meta name=\"robots\" content=\"index, follow, max-snippet:-1, max-image-preview:large, max-video-preview:-1\" \/>\n<link rel=\"canonical\" href=\"https:\/\/gaudeamusprojecta.dissenygrafic.org\/es\/pilar-velez-madrina-de-la-4a-edicion-de-los-premios-gaudeamusprojecta-y-colegiada-de-honor-2021\/\" \/>\n<meta property=\"og:locale\" content=\"es_ES\" \/>\n<meta property=\"og:type\" content=\"article\" \/>\n<meta property=\"og:title\" content=\"Pilar V\u00e9lez, madrina de la 4\u00aa edici\u00f3n de los Premios gaudeamusPROJECTA y colegiada de honor 2021 - gaudeamusProjecta\" \/>\n<meta property=\"og:description\" content=\"El pasado d\u00eda 28, se ha celebrado la 3\u00aa Jornada de los Premios gaudeamusPROJECTA. vvvvv En esta edici\u00f3n en un formato h\u00edbrido, presencial y online, con retransmisi\u00f3n in streaming desde el Centre d\u2019Arts Santa M\u00f3nica de Barcelona.\" \/>\n<meta property=\"og:url\" content=\"https:\/\/gaudeamusprojecta.dissenygrafic.org\/es\/pilar-velez-madrina-de-la-4a-edicion-de-los-premios-gaudeamusprojecta-y-colegiada-de-honor-2021\/\" \/>\n<meta property=\"og:site_name\" content=\"gaudeamusProjecta\" \/>\n<meta property=\"article:published_time\" content=\"2021-06-21T16:40:43+00:00\" \/>\n<meta property=\"article:modified_time\" content=\"2023-01-26T15:11:04+00:00\" \/>\n<meta property=\"og:image\" content=\"https:\/\/gaudeamusprojecta.dissenygrafic.org\/wp-content\/uploads\/2021\/08\/Pilar-Velez_MuseuDissenyBcn.jpeg\" \/>\n\t<meta property=\"og:image:width\" content=\"800\" \/>\n\t<meta property=\"og:image:height\" content=\"575\" \/>\n\t<meta property=\"og:image:type\" content=\"image\/jpeg\" \/>\n<meta name=\"author\" content=\"Projectes\" \/>\n<meta name=\"twitter:card\" content=\"summary_large_image\" \/>\n<meta name=\"twitter:label1\" content=\"Escrito por\" \/>\n\t<meta name=\"twitter:data1\" content=\"Projectes\" \/>\n\t<meta name=\"twitter:label2\" content=\"Tiempo de lectura\" \/>\n\t<meta name=\"twitter:data2\" content=\"1 minuto\" \/>\n<script type=\"application\/ld+json\" class=\"yoast-schema-graph\">{\"@context\":\"https:\/\/schema.org\",\"@graph\":[{\"@type\":\"Article\",\"@id\":\"https:\/\/gaudeamusprojecta.dissenygrafic.org\/es\/pilar-velez-madrina-de-la-4a-edicion-de-los-premios-gaudeamusprojecta-y-colegiada-de-honor-2021\/#article\",\"isPartOf\":{\"@id\":\"https:\/\/gaudeamusprojecta.dissenygrafic.org\/es\/pilar-velez-madrina-de-la-4a-edicion-de-los-premios-gaudeamusprojecta-y-colegiada-de-honor-2021\/\"},\"author\":{\"name\":\"Projectes\",\"@id\":\"https:\/\/gaudeamusprojecta.dissenygrafic.org\/es\/#\/schema\/person\/7db503d7cea7a2c1c7ef50867c203945\"},\"headline\":\"Pilar V\u00e9lez, madrina de la 4\u00aa edici\u00f3n de los Premios gaudeamusPROJECTA y colegiada de honor 2021\",\"datePublished\":\"2021-06-21T16:40:43+00:00\",\"dateModified\":\"2023-01-26T15:11:04+00:00\",\"mainEntityOfPage\":{\"@id\":\"https:\/\/gaudeamusprojecta.dissenygrafic.org\/es\/pilar-velez-madrina-de-la-4a-edicion-de-los-premios-gaudeamusprojecta-y-colegiada-de-honor-2021\/\"},\"wordCount\":177,\"publisher\":{\"@id\":\"https:\/\/gaudeamusprojecta.dissenygrafic.org\/es\/#organization\"},\"image\":{\"@id\":\"https:\/\/gaudeamusprojecta.dissenygrafic.org\/es\/pilar-velez-madrina-de-la-4a-edicion-de-los-premios-gaudeamusprojecta-y-colegiada-de-honor-2021\/#primaryimage\"},\"thumbnailUrl\":\"https:\/\/gaudeamusprojecta.dissenygrafic.org\/wp-content\/uploads\/2021\/08\/Pilar-Velez_MuseuDissenyBcn.jpeg\",\"articleSection\":[\"Noticias (ESP)\"],\"inLanguage\":\"es\"},{\"@type\":\"WebPage\",\"@id\":\"https:\/\/gaudeamusprojecta.dissenygrafic.org\/es\/pilar-velez-madrina-de-la-4a-edicion-de-los-premios-gaudeamusprojecta-y-colegiada-de-honor-2021\/\",\"url\":\"https:\/\/gaudeamusprojecta.dissenygrafic.org\/es\/pilar-velez-madrina-de-la-4a-edicion-de-los-premios-gaudeamusprojecta-y-colegiada-de-honor-2021\/\",\"name\":\"Pilar V\u00e9lez, madrina de la 4\u00aa edici\u00f3n de los Premios gaudeamusPROJECTA y colegiada de honor 2021 - gaudeamusProjecta\",\"isPartOf\":{\"@id\":\"https:\/\/gaudeamusprojecta.dissenygrafic.org\/es\/#website\"},\"primaryImageOfPage\":{\"@id\":\"https:\/\/gaudeamusprojecta.dissenygrafic.org\/es\/pilar-velez-madrina-de-la-4a-edicion-de-los-premios-gaudeamusprojecta-y-colegiada-de-honor-2021\/#primaryimage\"},\"image\":{\"@id\":\"https:\/\/gaudeamusprojecta.dissenygrafic.org\/es\/pilar-velez-madrina-de-la-4a-edicion-de-los-premios-gaudeamusprojecta-y-colegiada-de-honor-2021\/#primaryimage\"},\"thumbnailUrl\":\"https:\/\/gaudeamusprojecta.dissenygrafic.org\/wp-content\/uploads\/2021\/08\/Pilar-Velez_MuseuDissenyBcn.jpeg\",\"datePublished\":\"2021-06-21T16:40:43+00:00\",\"dateModified\":\"2023-01-26T15:11:04+00:00\",\"description\":\"El pasado d\u00eda 28, se ha celebrado la 3\u00aa Jornada de los Premios gaudeamusPROJECTA. vvvvv En esta edici\u00f3n en un formato h\u00edbrido, presencial y online, con retransmisi\u00f3n in streaming desde el Centre d\u2019Arts Santa M\u00f3nica de Barcelona.\",\"breadcrumb\":{\"@id\":\"https:\/\/gaudeamusprojecta.dissenygrafic.org\/es\/pilar-velez-madrina-de-la-4a-edicion-de-los-premios-gaudeamusprojecta-y-colegiada-de-honor-2021\/#breadcrumb\"},\"inLanguage\":\"es\",\"potentialAction\":[{\"@type\":\"ReadAction\",\"target\":[\"https:\/\/gaudeamusprojecta.dissenygrafic.org\/es\/pilar-velez-madrina-de-la-4a-edicion-de-los-premios-gaudeamusprojecta-y-colegiada-de-honor-2021\/\"]}]},{\"@type\":\"ImageObject\",\"inLanguage\":\"es\",\"@id\":\"https:\/\/gaudeamusprojecta.dissenygrafic.org\/es\/pilar-velez-madrina-de-la-4a-edicion-de-los-premios-gaudeamusprojecta-y-colegiada-de-honor-2021\/#primaryimage\",\"url\":\"https:\/\/gaudeamusprojecta.dissenygrafic.org\/wp-content\/uploads\/2021\/08\/Pilar-Velez_MuseuDissenyBcn.jpeg\",\"contentUrl\":\"https:\/\/gaudeamusprojecta.dissenygrafic.org\/wp-content\/uploads\/2021\/08\/Pilar-Velez_MuseuDissenyBcn.jpeg\",\"width\":800,\"height\":575},{\"@type\":\"BreadcrumbList\",\"@id\":\"https:\/\/gaudeamusprojecta.dissenygrafic.org\/es\/pilar-velez-madrina-de-la-4a-edicion-de-los-premios-gaudeamusprojecta-y-colegiada-de-honor-2021\/#breadcrumb\",\"itemListElement\":[{\"@type\":\"ListItem\",\"position\":1,\"name\":\"Portada\",\"item\":\"https:\/\/gaudeamusprojecta.dissenygrafic.org\/es\/\"},{\"@type\":\"ListItem\",\"position\":2,\"name\":\"Pilar V\u00e9lez, madrina de la 4\u00aa edici\u00f3n de los Premios gaudeamusPROJECTA y colegiada de honor 2021\"}]},{\"@type\":\"WebSite\",\"@id\":\"https:\/\/gaudeamusprojecta.dissenygrafic.org\/es\/#website\",\"url\":\"https:\/\/gaudeamusprojecta.dissenygrafic.org\/es\/\",\"name\":\"gaudeamusProjecta\",\"description\":\"Premi Projecte Fi de Grau de Disseny Gr\u00e0fic\",\"publisher\":{\"@id\":\"https:\/\/gaudeamusprojecta.dissenygrafic.org\/es\/#organization\"},\"potentialAction\":[{\"@type\":\"SearchAction\",\"target\":{\"@type\":\"EntryPoint\",\"urlTemplate\":\"https:\/\/gaudeamusprojecta.dissenygrafic.org\/es\/?s={search_term_string}\"},\"query-input\":{\"@type\":\"PropertyValueSpecification\",\"valueRequired\":true,\"valueName\":\"search_term_string\"}}],\"inLanguage\":\"es\"},{\"@type\":\"Organization\",\"@id\":\"https:\/\/gaudeamusprojecta.dissenygrafic.org\/es\/#organization\",\"name\":\"gaudeamusProjecta\",\"url\":\"https:\/\/gaudeamusprojecta.dissenygrafic.org\/es\/\",\"logo\":{\"@type\":\"ImageObject\",\"inLanguage\":\"es\",\"@id\":\"https:\/\/gaudeamusprojecta.dissenygrafic.org\/es\/#\/schema\/logo\/image\/\",\"url\":\"https:\/\/gaudeamusprojecta.dissenygrafic.org\/wp-content\/uploads\/2020\/09\/cropped-gaudeamusprojecta_logo-1.png\",\"contentUrl\":\"https:\/\/gaudeamusprojecta.dissenygrafic.org\/wp-content\/uploads\/2020\/09\/cropped-gaudeamusprojecta_logo-1.png\",\"width\":220,\"height\":64,\"caption\":\"gaudeamusProjecta\"},\"image\":{\"@id\":\"https:\/\/gaudeamusprojecta.dissenygrafic.org\/es\/#\/schema\/logo\/image\/\"}},{\"@type\":\"Person\",\"@id\":\"https:\/\/gaudeamusprojecta.dissenygrafic.org\/es\/#\/schema\/person\/7db503d7cea7a2c1c7ef50867c203945\",\"name\":\"Projectes\",\"url\":\"https:\/\/gaudeamusprojecta.dissenygrafic.org\/es\/author\/projectes\/\"}]}<\/script>\n<!-- \/ Yoast SEO plugin. -->","yoast_head_json":{"title":"Pilar V\u00e9lez, madrina de la 4\u00aa edici\u00f3n de los Premios gaudeamusPROJECTA y colegiada de honor 2021 - gaudeamusProjecta","description":"El pasado d\u00eda 28, se ha celebrado la 3\u00aa Jornada de los Premios gaudeamusPROJECTA. vvvvv En esta edici\u00f3n en un formato h\u00edbrido, presencial y online, con retransmisi\u00f3n in streaming desde el Centre d\u2019Arts Santa M\u00f3nica de Barcelona.","robots":{"index":"index","follow":"follow","max-snippet":"max-snippet:-1","max-image-preview":"max-image-preview:large","max-video-preview":"max-video-preview:-1"},"canonical":"https:\/\/gaudeamusprojecta.dissenygrafic.org\/es\/pilar-velez-madrina-de-la-4a-edicion-de-los-premios-gaudeamusprojecta-y-colegiada-de-honor-2021\/","og_locale":"es_ES","og_type":"article","og_title":"Pilar V\u00e9lez, madrina de la 4\u00aa edici\u00f3n de los Premios gaudeamusPROJECTA y colegiada de honor 2021 - gaudeamusProjecta","og_description":"El pasado d\u00eda 28, se ha celebrado la 3\u00aa Jornada de los Premios gaudeamusPROJECTA. vvvvv En esta edici\u00f3n en un formato h\u00edbrido, presencial y online, con retransmisi\u00f3n in streaming desde el Centre d\u2019Arts Santa M\u00f3nica de Barcelona.","og_url":"https:\/\/gaudeamusprojecta.dissenygrafic.org\/es\/pilar-velez-madrina-de-la-4a-edicion-de-los-premios-gaudeamusprojecta-y-colegiada-de-honor-2021\/","og_site_name":"gaudeamusProjecta","article_published_time":"2021-06-21T16:40:43+00:00","article_modified_time":"2023-01-26T15:11:04+00:00","og_image":[{"width":800,"height":575,"url":"https:\/\/gaudeamusprojecta.dissenygrafic.org\/wp-content\/uploads\/2021\/08\/Pilar-Velez_MuseuDissenyBcn.jpeg","type":"image\/jpeg"}],"author":"Projectes","twitter_card":"summary_large_image","twitter_misc":{"Escrito por":"Projectes","Tiempo de lectura":"1 minuto"},"schema":{"@context":"https:\/\/schema.org","@graph":[{"@type":"Article","@id":"https:\/\/gaudeamusprojecta.dissenygrafic.org\/es\/pilar-velez-madrina-de-la-4a-edicion-de-los-premios-gaudeamusprojecta-y-colegiada-de-honor-2021\/#article","isPartOf":{"@id":"https:\/\/gaudeamusprojecta.dissenygrafic.org\/es\/pilar-velez-madrina-de-la-4a-edicion-de-los-premios-gaudeamusprojecta-y-colegiada-de-honor-2021\/"},"author":{"name":"Projectes","@id":"https:\/\/gaudeamusprojecta.dissenygrafic.org\/es\/#\/schema\/person\/7db503d7cea7a2c1c7ef50867c203945"},"headline":"Pilar V\u00e9lez, madrina de la 4\u00aa edici\u00f3n de los Premios gaudeamusPROJECTA y colegiada de honor 2021","datePublished":"2021-06-21T16:40:43+00:00","dateModified":"2023-01-26T15:11:04+00:00","mainEntityOfPage":{"@id":"https:\/\/gaudeamusprojecta.dissenygrafic.org\/es\/pilar-velez-madrina-de-la-4a-edicion-de-los-premios-gaudeamusprojecta-y-colegiada-de-honor-2021\/"},"wordCount":177,"publisher":{"@id":"https:\/\/gaudeamusprojecta.dissenygrafic.org\/es\/#organization"},"image":{"@id":"https:\/\/gaudeamusprojecta.dissenygrafic.org\/es\/pilar-velez-madrina-de-la-4a-edicion-de-los-premios-gaudeamusprojecta-y-colegiada-de-honor-2021\/#primaryimage"},"thumbnailUrl":"https:\/\/gaudeamusprojecta.dissenygrafic.org\/wp-content\/uploads\/2021\/08\/Pilar-Velez_MuseuDissenyBcn.jpeg","articleSection":["Noticias (ESP)"],"inLanguage":"es"},{"@type":"WebPage","@id":"https:\/\/gaudeamusprojecta.dissenygrafic.org\/es\/pilar-velez-madrina-de-la-4a-edicion-de-los-premios-gaudeamusprojecta-y-colegiada-de-honor-2021\/","url":"https:\/\/gaudeamusprojecta.dissenygrafic.org\/es\/pilar-velez-madrina-de-la-4a-edicion-de-los-premios-gaudeamusprojecta-y-colegiada-de-honor-2021\/","name":"Pilar V\u00e9lez, madrina de la 4\u00aa edici\u00f3n de los Premios gaudeamusPROJECTA y colegiada de honor 2021 - gaudeamusProjecta","isPartOf":{"@id":"https:\/\/gaudeamusprojecta.dissenygrafic.org\/es\/#website"},"primaryImageOfPage":{"@id":"https:\/\/gaudeamusprojecta.dissenygrafic.org\/es\/pilar-velez-madrina-de-la-4a-edicion-de-los-premios-gaudeamusprojecta-y-colegiada-de-honor-2021\/#primaryimage"},"image":{"@id":"https:\/\/gaudeamusprojecta.dissenygrafic.org\/es\/pilar-velez-madrina-de-la-4a-edicion-de-los-premios-gaudeamusprojecta-y-colegiada-de-honor-2021\/#primaryimage"},"thumbnailUrl":"https:\/\/gaudeamusprojecta.dissenygrafic.org\/wp-content\/uploads\/2021\/08\/Pilar-Velez_MuseuDissenyBcn.jpeg","datePublished":"2021-06-21T16:40:43+00:00","dateModified":"2023-01-26T15:11:04+00:00","description":"El pasado d\u00eda 28, se ha celebrado la 3\u00aa Jornada de los Premios gaudeamusPROJECTA. vvvvv En esta edici\u00f3n en un formato h\u00edbrido, presencial y online, con retransmisi\u00f3n in streaming desde el Centre d\u2019Arts Santa M\u00f3nica de Barcelona.","breadcrumb":{"@id":"https:\/\/gaudeamusprojecta.dissenygrafic.org\/es\/pilar-velez-madrina-de-la-4a-edicion-de-los-premios-gaudeamusprojecta-y-colegiada-de-honor-2021\/#breadcrumb"},"inLanguage":"es","potentialAction":[{"@type":"ReadAction","target":["https:\/\/gaudeamusprojecta.dissenygrafic.org\/es\/pilar-velez-madrina-de-la-4a-edicion-de-los-premios-gaudeamusprojecta-y-colegiada-de-honor-2021\/"]}]},{"@type":"ImageObject","inLanguage":"es","@id":"https:\/\/gaudeamusprojecta.dissenygrafic.org\/es\/pilar-velez-madrina-de-la-4a-edicion-de-los-premios-gaudeamusprojecta-y-colegiada-de-honor-2021\/#primaryimage","url":"https:\/\/gaudeamusprojecta.dissenygrafic.org\/wp-content\/uploads\/2021\/08\/Pilar-Velez_MuseuDissenyBcn.jpeg","contentUrl":"https:\/\/gaudeamusprojecta.dissenygrafic.org\/wp-content\/uploads\/2021\/08\/Pilar-Velez_MuseuDissenyBcn.jpeg","width":800,"height":575},{"@type":"BreadcrumbList","@id":"https:\/\/gaudeamusprojecta.dissenygrafic.org\/es\/pilar-velez-madrina-de-la-4a-edicion-de-los-premios-gaudeamusprojecta-y-colegiada-de-honor-2021\/#breadcrumb","itemListElement":[{"@type":"ListItem","position":1,"name":"Portada","item":"https:\/\/gaudeamusprojecta.dissenygrafic.org\/es\/"},{"@type":"ListItem","position":2,"name":"Pilar V\u00e9lez, madrina de la 4\u00aa edici\u00f3n de los Premios gaudeamusPROJECTA y colegiada de honor 2021"}]},{"@type":"WebSite","@id":"https:\/\/gaudeamusprojecta.dissenygrafic.org\/es\/#website","url":"https:\/\/gaudeamusprojecta.dissenygrafic.org\/es\/","name":"gaudeamusProjecta","description":"Premi Projecte Fi de Grau de Disseny Gr\u00e0fic","publisher":{"@id":"https:\/\/gaudeamusprojecta.dissenygrafic.org\/es\/#organization"},"potentialAction":[{"@type":"SearchAction","target":{"@type":"EntryPoint","urlTemplate":"https:\/\/gaudeamusprojecta.dissenygrafic.org\/es\/?s={search_term_string}"},"query-input":{"@type":"PropertyValueSpecification","valueRequired":true,"valueName":"search_term_string"}}],"inLanguage":"es"},{"@type":"Organization","@id":"https:\/\/gaudeamusprojecta.dissenygrafic.org\/es\/#organization","name":"gaudeamusProjecta","url":"https:\/\/gaudeamusprojecta.dissenygrafic.org\/es\/","logo":{"@type":"ImageObject","inLanguage":"es","@id":"https:\/\/gaudeamusprojecta.dissenygrafic.org\/es\/#\/schema\/logo\/image\/","url":"https:\/\/gaudeamusprojecta.dissenygrafic.org\/wp-content\/uploads\/2020\/09\/cropped-gaudeamusprojecta_logo-1.png","contentUrl":"https:\/\/gaudeamusprojecta.dissenygrafic.org\/wp-content\/uploads\/2020\/09\/cropped-gaudeamusprojecta_logo-1.png","width":220,"height":64,"caption":"gaudeamusProjecta"},"image":{"@id":"https:\/\/gaudeamusprojecta.dissenygrafic.org\/es\/#\/schema\/logo\/image\/"}},{"@type":"Person","@id":"https:\/\/gaudeamusprojecta.dissenygrafic.org\/es\/#\/schema\/person\/7db503d7cea7a2c1c7ef50867c203945","name":"Projectes","url":"https:\/\/gaudeamusprojecta.dissenygrafic.org\/es\/author\/projectes\/"}]}},"_links":{"self":[{"href":"https:\/\/gaudeamusprojecta.dissenygrafic.org\/es\/wp-json\/wp\/v2\/posts\/10221","targetHints":{"allow":["GET"]}}],"collection":[{"href":"https:\/\/gaudeamusprojecta.dissenygrafic.org\/es\/wp-json\/wp\/v2\/posts"}],"about":[{"href":"https:\/\/gaudeamusprojecta.dissenygrafic.org\/es\/wp-json\/wp\/v2\/types\/post"}],"author":[{"embeddable":true,"href":"https:\/\/gaudeamusprojecta.dissenygrafic.org\/es\/wp-json\/wp\/v2\/users\/3"}],"replies":[{"embeddable":true,"href":"https:\/\/gaudeamusprojecta.dissenygrafic.org\/es\/wp-json\/wp\/v2\/comments?post=10221"}],"version-history":[{"count":1,"href":"https:\/\/gaudeamusprojecta.dissenygrafic.org\/es\/wp-json\/wp\/v2\/posts\/10221\/revisions"}],"predecessor-version":[{"id":10222,"href":"https:\/\/gaudeamusprojecta.dissenygrafic.org\/es\/wp-json\/wp\/v2\/posts\/10221\/revisions\/10222"}],"wp:featuredmedia":[{"embeddable":true,"href":"https:\/\/gaudeamusprojecta.dissenygrafic.org\/es\/wp-json\/wp\/v2\/media\/7861"}],"wp:attachment":[{"href":"https:\/\/gaudeamusprojecta.dissenygrafic.org\/es\/wp-json\/wp\/v2\/media?parent=10221"}],"wp:term":[{"taxonomy":"category","embeddable":true,"href":"https:\/\/gaudeamusprojecta.dissenygrafic.org\/es\/wp-json\/wp\/v2\/categories?post=10221"},{"taxonomy":"post_tag","embeddable":true,"href":"https:\/\/gaudeamusprojecta.dissenygrafic.org\/es\/wp-json\/wp\/v2\/tags?post=10221"}],"curies":[{"name":"wp","href":"https:\/\/api.w.org\/{rel}","templated":true}]}}