{"id":13995,"date":"2024-10-11T18:28:54","date_gmt":"2024-10-11T16:28:54","guid":{"rendered":"https:\/\/gaudeamusprojecta.dissenygrafic.org\/descubre-a-los-ganadores-de-la-7a-edicion-de-los-premios-gaudeamusprojecta\/"},"modified":"2024-10-16T20:11:27","modified_gmt":"2024-10-16T18:11:27","slug":"descubre-a-los-ganadores-de-la-7a-edicion-de-los-premios-gaudeamusprojecta","status":"publish","type":"post","link":"https:\/\/gaudeamusprojecta.dissenygrafic.org\/es\/descubre-a-los-ganadores-de-la-7a-edicion-de-los-premios-gaudeamusprojecta\/","title":{"rendered":"Descubre a los ganadores de la 7\u00aa edici\u00f3n de los premios gaudeamusPROJECTA"},"content":{"rendered":"\t\t<div data-elementor-type=\"wp-post\" data-elementor-id=\"13995\" class=\"elementor elementor-13995 elementor-13987\">\n\t\t\t\t\t\t<section class=\"elementor-section elementor-top-section elementor-element elementor-element-2fad0f5 elementor-section-boxed elementor-section-height-default elementor-section-height-default\" data-id=\"2fad0f5\" data-element_type=\"section\" data-e-type=\"section\" data-settings=\"{&quot;background_background&quot;:&quot;gradient&quot;}\">\n\t\t\t\t\t\t<div class=\"elementor-container elementor-column-gap-no\">\n\t\t\t\t\t<div class=\"elementor-column elementor-col-100 elementor-top-column elementor-element elementor-element-6652354\" data-id=\"6652354\" data-element_type=\"column\" data-e-type=\"column\">\n\t\t\t<div class=\"elementor-widget-wrap elementor-element-populated\">\n\t\t\t\t\t\t<div class=\"elementor-element elementor-element-a002440 elementor-widget elementor-widget-heading\" data-id=\"a002440\" data-element_type=\"widget\" data-e-type=\"widget\" data-widget_type=\"heading.default\">\n\t\t\t\t<div class=\"elementor-widget-container\">\n\t\t\t\t\t<h6 class=\"elementor-heading-title elementor-size-default\">premios gaudeamus projecta 7\u00aa edici\u00f3n<\/h6>\t\t\t\t<\/div>\n\t\t\t\t<\/div>\n\t\t\t\t<div class=\"elementor-element elementor-element-d98ab78 elementor-widget elementor-widget-heading\" data-id=\"d98ab78\" data-element_type=\"widget\" data-e-type=\"widget\" data-widget_type=\"heading.default\">\n\t\t\t\t<div class=\"elementor-widget-container\">\n\t\t\t\t\t<h1 class=\"elementor-heading-title elementor-size-default\">Descubre a los ganadores<br>de la 7a edici\u00f3n de los premios<br>gaudeamusPROJECTA<\/h1>\t\t\t\t<\/div>\n\t\t\t\t<\/div>\n\t\t\t\t<div class=\"elementor-element elementor-element-3a33635 elementor-widget elementor-widget-heading\" data-id=\"3a33635\" data-element_type=\"widget\" data-e-type=\"widget\" data-widget_type=\"heading.default\">\n\t\t\t\t<div class=\"elementor-widget-container\">\n\t\t\t\t\t<h6 class=\"elementor-heading-title elementor-size-default\">11.10.24<\/h6>\t\t\t\t<\/div>\n\t\t\t\t<\/div>\n\t\t\t\t\t<\/div>\n\t\t<\/div>\n\t\t\t\t\t<\/div>\n\t\t<\/section>\n\t\t\t\t<section class=\"elementor-section elementor-top-section elementor-element elementor-element-f3584c6 elementor-section-boxed elementor-section-height-default elementor-section-height-default\" data-id=\"f3584c6\" data-element_type=\"section\" data-e-type=\"section\" data-settings=\"{&quot;background_background&quot;:&quot;classic&quot;}\">\n\t\t\t\t\t\t<div class=\"elementor-container elementor-column-gap-no\">\n\t\t\t\t\t<div class=\"elementor-column elementor-col-100 elementor-top-column elementor-element elementor-element-08c4338\" data-id=\"08c4338\" data-element_type=\"column\" data-e-type=\"column\">\n\t\t\t<div class=\"elementor-widget-wrap elementor-element-populated\">\n\t\t\t\t\t\t<section class=\"elementor-section elementor-inner-section elementor-element elementor-element-d019a54 elementor-section-boxed elementor-section-height-default elementor-section-height-default\" data-id=\"d019a54\" data-element_type=\"section\" data-e-type=\"section\">\n\t\t\t\t\t\t<div class=\"elementor-container elementor-column-gap-no\">\n\t\t\t\t\t<div class=\"elementor-column elementor-col-100 elementor-inner-column elementor-element elementor-element-6582206\" data-id=\"6582206\" data-element_type=\"column\" data-e-type=\"column\">\n\t\t\t<div class=\"elementor-widget-wrap elementor-element-populated\">\n\t\t\t\t\t\t<div class=\"elementor-element elementor-element-0d2faa9 elementor-widget elementor-widget-image\" data-id=\"0d2faa9\" data-element_type=\"widget\" data-e-type=\"widget\" data-widget_type=\"image.default\">\n\t\t\t\t<div class=\"elementor-widget-container\">\n\t\t\t\t\t\t\t\t\t\t\t\t\t\t\t<img fetchpriority=\"high\" decoding=\"async\" width=\"1024\" height=\"800\" src=\"https:\/\/gaudeamusprojecta.dissenygrafic.org\/wp-content\/uploads\/2024\/10\/gp7_ganadores_02-1024x800.jpg\" class=\"attachment-large size-large wp-image-14128\" alt=\"\" srcset=\"https:\/\/gaudeamusprojecta.dissenygrafic.org\/wp-content\/uploads\/2024\/10\/gp7_ganadores_02-1024x800.jpg 1024w, https:\/\/gaudeamusprojecta.dissenygrafic.org\/wp-content\/uploads\/2024\/10\/gp7_ganadores_02-300x235.jpg 300w, https:\/\/gaudeamusprojecta.dissenygrafic.org\/wp-content\/uploads\/2024\/10\/gp7_ganadores_02-768x600.jpg 768w, https:\/\/gaudeamusprojecta.dissenygrafic.org\/wp-content\/uploads\/2024\/10\/gp7_ganadores_02.jpg 1200w\" sizes=\"(max-width: 1024px) 100vw, 1024px\" \/>\t\t\t\t\t\t\t\t\t\t\t\t\t\t\t<\/div>\n\t\t\t\t<\/div>\n\t\t\t\t<div class=\"elementor-element elementor-element-ea22283 elementor-widget__width-initial elementor-widget elementor-widget-text-editor\" data-id=\"ea22283\" data-element_type=\"widget\" data-e-type=\"widget\" data-widget_type=\"text-editor.default\">\n\t\t\t\t<div class=\"elementor-widget-container\">\n\t\t\t\t\t\t\t\t\t<h5><span style=\"font-weight: 400;\">El jueves 10 de octubre en el transcurso de la ceremonia de los premios gaudeamusPROJECTA se anunciaron las ganadoras y ganadores de la 7\u00aa edici\u00f3n.<\/span><\/h5>\n<h4> <\/h4>\n<h4><span style=\"font-weight: 400;\">Los premiados y premiadas son los siguientes:<\/span><\/h4>\n<h2> <\/h2>\n<h2>Los acc\u00e9sit<\/h2>\n<h5><span style=\"font-weight: 400;\">(por orden alfab\u00e9tico)<\/span><\/h5>\n<p><span style=\"font-weight: 400;\"> <\/span><\/p>\n<p><span style=\"font-size: 16px; font-weight: 400;\"><strong>Varvara Godovikova<\/strong><br \/><em>Fitting History<\/em><br \/>Centro: IED Barcelona<br \/>Tutoritzado por: Mery Glez<\/span><\/p>\n<p><b>Claudia Mart\u00ednez Arjonilla<\/b><b><br \/><\/b><i><span style=\"font-weight: 400;\">Unveil: Desvela el suicidio<\/span><\/i><i><span style=\"font-weight: 400;\"><br \/><\/span><\/i><span style=\"font-weight: 400;\">Centro: EASD Jos\u00e9 Nogu\u00e9<\/span><span style=\"font-weight: 400;\"><br \/><\/span><span style=\"font-weight: 400;\">Tutoritzado por: Daniel L\u00f3pez Mart\u00ednez<\/span><\/p>\n<p><span style=\"font-weight: 400;\"><strong>Ainhoa Navalpotro Broquetas<\/strong><\/span><i><span style=\"font-weight: 400;\"><br \/>Sawa: Theobroma<br \/><\/span><\/i><span style=\"font-weight: 400;\">Centro ESDAPC <\/span><span style=\"font-weight: 400;\"><br \/>Tutoritzado por: Marc Albert\u00ed<\/span><\/p>\n<p><b>Laura Riaza Peidro<\/b><b><br \/><\/b><i><span style=\"font-weight: 400;\">No es l\u2019espill, \u00e9s el teu cap<\/span><\/i><span style=\"font-weight: 400;\"><br \/><\/span><span style=\"font-weight: 400;\">Centro: EASD Alcoi<\/span><span style=\"font-weight: 400;\"><br \/><\/span><span style=\"font-weight: 400;\">Tutoritzado por: Ana Tarazona Sanz<\/span><\/p>\n<p><b>Tania Torrent D\u00e0vila<\/b><b><br \/><\/b><i><span style=\"font-weight: 400;\">Inclusiva<\/span><\/i><i><span style=\"font-weight: 400;\"><br \/><\/span><\/i><span style=\"font-weight: 400;\">Centro: EINA, Centre Universitari de Disseny i Art de Barcelona<\/span><span style=\"font-weight: 400;\"><br \/><\/span><span style=\"font-weight: 400;\">Tutoritzado por: Eul\u00e0lia Clos y Pilar G\u00f3rriz<\/span><\/p>\n<h2> <\/h2>\n<h2>Los premiados<\/h2>\n<\/p>\n<p><span style=\"color: #ff0000;\"><strong>Premio Humana<\/strong><\/span><br \/><strong>Mar\u00eda Exp\u00f3sito Rinc\u00f3n<\/strong><br \/><em>Una vida contra el viento<\/em><br \/>Centro: CreaNavarra Arte Digital y Tecnolog\u00eda<br \/>Tutoritzado por: Elena Andraiz<\/p>\n<p><span style=\"color: #ff0000;\"><strong>Premio Identia <\/strong><\/span><br \/><strong>Fuad Ajibola Kareem<\/strong><br \/><em>\u00bfA m\u00ed me consideras negro?<\/em><br \/>Centro: EINA, Centre Universitari de Disseny i Art de Barcelona.<br \/>Tutoritzado por: Jo Milne<\/p>\n<p><span style=\"color: #ff0000;\"><strong>Premio Innova <\/strong><\/span><br \/><strong>Andreu Gelabert Salv\u00e1<\/strong><br \/><em>Panoptik<\/em><br \/>Centro: ESDAPC (Girona)<br \/>Tutoritzado por: Gemma Reixach y Elena Sala<\/p>\n<p><span style=\"color: #ff0000;\"><strong>Premio Natura (ex aequo)<\/strong><\/span><br \/><strong>Marina Bernad Bella<\/strong><br \/><em>Imaginarios evolutivos<\/em><br \/>Centro: BAU, Centro Universitario de Artes y Dise\u00f1o de Barcelona (centro adscrito a UVIC &#8211; UCC)<br \/>Tutoritzado por: David Ortiz Juan<\/p>\n<p><span style=\"color: #ff0000;\"><strong>Premio Natura (ex aequo)<\/strong><\/span><br \/><strong>Blanca Riera Mateu<\/strong><br \/><em>Ciudades silvestres, explorando los l\u00edmites del control humano<\/em><br \/>Centro: BAU, Centro Universitario de Artes y Dise\u00f1o de Barcelona (centro adscrito a UVIC &#8211; UCC)<br \/>Tutoritzado por: David Ortiz Juan<\/p>\n<p><strong><span style=\"color: #ff0000;\">Premio Sana (ex aequo)<\/span><\/strong><br \/><strong>Mar F\u00e0bregues Mart\u00ed<\/strong><br \/><em>Medicine and Design: Creation and Validation of Infographics on Primary Hyperoxaluria<\/em><br \/>Centro: Grau en Medicina Universitat de Barcelona<br \/>Tutoritzado por: Vicent Torregrosa y Jes\u00fas Del Hoyo Arjona<\/p>\n<p><span style=\"color: #ff0000;\"><strong>Premio Sana (ex aequo)<\/strong><\/span><br \/><strong>Clara Cabanillas Victoria<\/strong><br \/><em>Comprendiendo la sordoceguera<\/em><br \/>Centro: UPV\/EHU<br \/>Tutoritzado por: Tania Quind\u00f3s Gonz\u00e1lez<\/p>\n<p><span style=\"color: #ff0000;\"><strong>CSL Vifor<\/strong><\/span><br \/><strong>Mar F\u00e0bregues Mart\u00ed<\/strong><br \/><em>Medicine and Design: Creation and Validation of Infographics on Primary Hyperoxaluria<\/em><br \/>Centro: Grau en Medicina Universitat de Barcelona<br \/>Tutoritzado por: Vicent Torregrosa y Jes\u00fas Del Hoyo Arjona<\/p>\n<p><span style=\"color: #ff0000;\"><strong>Premio gaudeamusPROJECTA<\/strong><\/span><br \/><strong>Carlos \u00c1lvarez Jim\u00e9nez<\/strong><br \/><em>Ultra Materiam. La interpretaci\u00f3n gr\u00e1fica de la identidad: m\u00e1s all\u00e1 de la materia <\/em><br \/>Centro: ELISAVA. Facultat de Disseny i Enginyeria de Catalunya (UVIC-UCC)<br \/>Tutoritzado por: Francesc Ribot y Jessica Fern\u00e0ndez <\/p>\n<blockquote>\n<h5>\u00a1Enhorabuena a todas y todos!<\/h5>\n<h5> <\/h5>\n<h5>Nuestro agradecimiento a todos los alumnos, tutores y centros participantes en esta 7\u00aa edici\u00f3n, as\u00ed como a los miembros del jurado.<\/h5>\n<\/blockquote>\n\t\t\t\t\t\t\t\t<\/div>\n\t\t\t\t<\/div>\n\t\t\t\t\t<\/div>\n\t\t<\/div>\n\t\t\t\t\t<\/div>\n\t\t<\/section>\n\t\t\t\t\t<\/div>\n\t\t<\/div>\n\t\t\t\t\t<\/div>\n\t\t<\/section>\n\t\t\t\t<section class=\"elementor-section elementor-top-section elementor-element elementor-element-62fbb5f0 elementor-section-boxed elementor-section-height-default elementor-section-height-default\" data-id=\"62fbb5f0\" data-element_type=\"section\" data-e-type=\"section\" data-settings=\"{&quot;background_background&quot;:&quot;classic&quot;}\">\n\t\t\t\t\t\t<div class=\"elementor-container elementor-column-gap-no\">\n\t\t\t\t\t<div class=\"elementor-column elementor-col-100 elementor-top-column elementor-element elementor-element-14da58b8\" data-id=\"14da58b8\" data-element_type=\"column\" data-e-type=\"column\">\n\t\t\t<div class=\"elementor-widget-wrap elementor-element-populated\">\n\t\t\t\t\t\t<div class=\"elementor-element elementor-element-60b2ce63 elementor-widget elementor-widget-heading\" data-id=\"60b2ce63\" data-element_type=\"widget\" data-e-type=\"widget\" data-widget_type=\"heading.default\">\n\t\t\t\t<div class=\"elementor-widget-container\">\n\t\t\t\t\t<h3 class=\"elementor-heading-title elementor-size-default\">Noticias relacionadas<\/h3>\t\t\t\t<\/div>\n\t\t\t\t<\/div>\n\t\t\t\t<div class=\"elementor-element elementor-element-4707e7e8 elementor-grid-eael-col-3 elementor-grid-tablet-eael-col-2 elementor-grid-mobile-eael-col-1 elementor-widget elementor-widget-eael-post-grid\" data-id=\"4707e7e8\" data-element_type=\"widget\" data-e-type=\"widget\" data-settings=\"{&quot;eael_post_grid_columns&quot;:&quot;eael-col-3&quot;,&quot;eael_post_grid_columns_tablet&quot;:&quot;eael-col-2&quot;,&quot;eael_post_grid_columns_mobile&quot;:&quot;eael-col-1&quot;}\" data-widget_type=\"eael-post-grid.default\">\n\t\t\t\t<div class=\"elementor-widget-container\">\n\t\t\t\t\t<div id=\"eael-post-grid-4707e7e8\" class=\"eael-post-grid-container\">\n            <div class=\"eael-post-grid eael-post-appender eael-post-appender-4707e7e8 eael-post-grid-style-one\" data-layout-mode=\"masonry\"><article class=\"eael-grid-post  eael-post-grid-column eael-pg-post-17655 category-noticias\" data-id=\"17655\">\n        <div class=\"eael-grid-post-holder\">\n            <div class=\"eael-grid-post-holder-inner\"><div class=\"eael-entry-media\"><div class=\"eael-entry-overlay fade-in\"><i class=\"fas fa-long-arrow-alt-right\" aria-hidden=\"true\"><\/i><a href=\"https:\/\/gaudeamusprojecta.dissenygrafic.org\/es\/open-call-gaudeamusprojecta-9a-ed\/\"><\/a><\/div><div class=\"eael-entry-thumbnail \">\n                <img decoding=\"async\" width=\"300\" height=\"169\" src=\"https:\/\/gaudeamusprojecta.dissenygrafic.org\/wp-content\/uploads\/2025\/10\/gP9_KeyVisual_general-300x169.jpg\" class=\"attachment-medium size-medium wp-image-17647\" alt=\"\" srcset=\"https:\/\/gaudeamusprojecta.dissenygrafic.org\/wp-content\/uploads\/2025\/10\/gP9_KeyVisual_general-300x169.jpg 300w, https:\/\/gaudeamusprojecta.dissenygrafic.org\/wp-content\/uploads\/2025\/10\/gP9_KeyVisual_general-768x432.jpg 768w, https:\/\/gaudeamusprojecta.dissenygrafic.org\/wp-content\/uploads\/2025\/10\/gP9_KeyVisual_general.jpg 1000w\" sizes=\"(max-width: 300px) 100vw, 300px\" \/>\n            <\/div>\n        <\/div><div class=\"eael-entry-wrapper\"><header class=\"eael-entry-header\"><h2 class=\"eael-entry-title\"><a class=\"eael-grid-post-link\" href=\"https:\/\/gaudeamusprojecta.dissenygrafic.org\/es\/open-call-gaudeamusprojecta-9a-ed\/\" title=\"OPEN CALL gaudeamusProjecta 9\u00aa ED\">OPEN CALL gaudeamusProjecta 9\u00aa ED<\/a><\/h2><\/header><div class=\"eael-entry-content\">\n                        <div class=\"eael-grid-post-excerpt\"><a href=\"https:\/\/gaudeamusprojecta.dissenygrafic.org\/es\/open-call-gaudeamusprojecta-9a-ed\/\" class=\"eael-post-elements-readmore-btn\">Leer m\u00e1s<\/a><\/div>\n                    <\/div><div class=\"eael-entry-footer\"><div class=\"eael-author-avatar\"><a href=\"https:\/\/gaudeamusprojecta.dissenygrafic.org\/es\/author\/projectes\/\"><\/a><\/div><div class=\"eael-entry-meta\"><\/div><\/div><\/div><\/div>\n        <\/div>\n    <\/article><article class=\"eael-grid-post  eael-post-grid-column eael-pg-post-17494 category-noticias\" data-id=\"17494\">\n        <div class=\"eael-grid-post-holder\">\n            <div class=\"eael-grid-post-holder-inner\"><div class=\"eael-entry-media\"><div class=\"eael-entry-overlay fade-in\"><i class=\"fas fa-long-arrow-alt-right\" aria-hidden=\"true\"><\/i><a href=\"https:\/\/gaudeamusprojecta.dissenygrafic.org\/es\/cronica-de-la-ceremonia-de-la-8a-edicion-de-los-premios-gaudeamusprojecta\/\"><\/a><\/div><div class=\"eael-entry-thumbnail \">\n                <img decoding=\"async\" width=\"300\" height=\"169\" src=\"https:\/\/gaudeamusprojecta.dissenygrafic.org\/wp-content\/uploads\/2025\/06\/gP8_Foto_final-300x169.jpg\" class=\"attachment-medium size-medium wp-image-17349\" alt=\"\" srcset=\"https:\/\/gaudeamusprojecta.dissenygrafic.org\/wp-content\/uploads\/2025\/06\/gP8_Foto_final-300x169.jpg 300w, https:\/\/gaudeamusprojecta.dissenygrafic.org\/wp-content\/uploads\/2025\/06\/gP8_Foto_final-1024x576.jpg 1024w, https:\/\/gaudeamusprojecta.dissenygrafic.org\/wp-content\/uploads\/2025\/06\/gP8_Foto_final-768x432.jpg 768w, https:\/\/gaudeamusprojecta.dissenygrafic.org\/wp-content\/uploads\/2025\/06\/gP8_Foto_final.jpg 1280w\" sizes=\"(max-width: 300px) 100vw, 300px\" \/>\n            <\/div>\n        <\/div><div class=\"eael-entry-wrapper\"><header class=\"eael-entry-header\"><h2 class=\"eael-entry-title\"><a class=\"eael-grid-post-link\" href=\"https:\/\/gaudeamusprojecta.dissenygrafic.org\/es\/cronica-de-la-ceremonia-de-la-8a-edicion-de-los-premios-gaudeamusprojecta\/\" title=\"Cr\u00f3nica de la ceremonia de la 8\u00aa edici\u00f3n de los premios gaudeamusPROJECTA\">Cr\u00f3nica de la ceremonia de la 8\u00aa edici\u00f3n de los premios gaudeamusPROJECTA<\/a><\/h2><\/header><div class=\"eael-entry-content\">\n                        <div class=\"eael-grid-post-excerpt\"><a href=\"https:\/\/gaudeamusprojecta.dissenygrafic.org\/es\/cronica-de-la-ceremonia-de-la-8a-edicion-de-los-premios-gaudeamusprojecta\/\" class=\"eael-post-elements-readmore-btn\">Leer m\u00e1s<\/a><\/div>\n                    <\/div><div class=\"eael-entry-footer\"><div class=\"eael-author-avatar\"><a href=\"https:\/\/gaudeamusprojecta.dissenygrafic.org\/es\/author\/projectes\/\"><\/a><\/div><div class=\"eael-entry-meta\"><\/div><\/div><\/div><\/div>\n        <\/div>\n    <\/article><article class=\"eael-grid-post  eael-post-grid-column eael-pg-post-17340 category-noticias\" data-id=\"17340\">\n        <div class=\"eael-grid-post-holder\">\n            <div class=\"eael-grid-post-holder-inner\"><div class=\"eael-entry-media\"><div class=\"eael-entry-overlay fade-in\"><i class=\"fas fa-long-arrow-alt-right\" aria-hidden=\"true\"><\/i><a href=\"https:\/\/gaudeamusprojecta.dissenygrafic.org\/es\/estos-son-los-proyectos-ganadores-de-la-8a-edicion-de-gaudeamusprojectaaquests-son-els-projectes-guanyadors-de-la-8a-edicio-dels-premis-gaudeamusprojecta\/\"><\/a><\/div><div class=\"eael-entry-thumbnail \">\n                <img loading=\"lazy\" decoding=\"async\" width=\"300\" height=\"169\" src=\"https:\/\/gaudeamusprojecta.dissenygrafic.org\/wp-content\/uploads\/2025\/06\/projectes_8ed-300x169.jpg\" class=\"attachment-medium size-medium wp-image-17333\" alt=\"\" srcset=\"https:\/\/gaudeamusprojecta.dissenygrafic.org\/wp-content\/uploads\/2025\/06\/projectes_8ed-300x169.jpg 300w, https:\/\/gaudeamusprojecta.dissenygrafic.org\/wp-content\/uploads\/2025\/06\/projectes_8ed-1024x576.jpg 1024w, https:\/\/gaudeamusprojecta.dissenygrafic.org\/wp-content\/uploads\/2025\/06\/projectes_8ed-768x432.jpg 768w, https:\/\/gaudeamusprojecta.dissenygrafic.org\/wp-content\/uploads\/2025\/06\/projectes_8ed.jpg 1280w\" sizes=\"(max-width: 300px) 100vw, 300px\" \/>\n            <\/div>\n        <\/div><div class=\"eael-entry-wrapper\"><header class=\"eael-entry-header\"><h2 class=\"eael-entry-title\"><a class=\"eael-grid-post-link\" href=\"https:\/\/gaudeamusprojecta.dissenygrafic.org\/es\/estos-son-los-proyectos-ganadores-de-la-8a-edicion-de-gaudeamusprojectaaquests-son-els-projectes-guanyadors-de-la-8a-edicio-dels-premis-gaudeamusprojecta\/\" title=\"Estos son los proyectos ganadores de la 8\u00aa edici\u00f3n de gaudeamusPROJECTA\">Estos son los proyectos ganadores de la 8\u00aa edici\u00f3n de gaudeamusPROJECTA<\/a><\/h2><\/header><div class=\"eael-entry-content\">\n                        <div class=\"eael-grid-post-excerpt\"><a href=\"https:\/\/gaudeamusprojecta.dissenygrafic.org\/es\/estos-son-los-proyectos-ganadores-de-la-8a-edicion-de-gaudeamusprojectaaquests-son-els-projectes-guanyadors-de-la-8a-edicio-dels-premis-gaudeamusprojecta\/\" class=\"eael-post-elements-readmore-btn\">Leer m\u00e1s<\/a><\/div>\n                    <\/div><div class=\"eael-entry-footer\"><div class=\"eael-author-avatar\"><a href=\"https:\/\/gaudeamusprojecta.dissenygrafic.org\/es\/author\/projectes\/\"><\/a><\/div><div class=\"eael-entry-meta\"><\/div><\/div><\/div><\/div>\n        <\/div>\n    <\/article><\/div>\n            <div class=\"clearfix\"><\/div>\n        <\/div>            <div class=\"eael-load-more-button-wrap eael-force-hide\">\n                <button class=\"eael-load-more-button\" id=\"eael-load-more-btn-4707e7e8\" data-widget-id=\"4707e7e8\" data-widget=\"4707e7e8\" data-page-id=\"13995\" data-template=\"{&quot;dir&quot;:&quot;lite&quot;,&quot;file_name&quot;:&quot;one.php&quot;,&quot;name&quot;:&quot;Post-Grid&quot;}\" data-class=\"Essential_Addons_Elementor\\Elements\\Post_Grid\" data-layout=\"masonry\" data-page=\"1\" data-args=\"orderby=date&amp;order=desc&amp;ignore_sticky_posts=1&amp;post_status=publish&amp;posts_per_page=3&amp;offset=0&amp;post_type=post&amp;tax_query%5B0%5D%5Btaxonomy%5D=category&amp;tax_query%5B0%5D%5Bfield%5D=term_id&amp;tax_query%5B0%5D%5Bterms%5D%5B0%5D=36&amp;tax_query%5Brelation%5D=AND&amp;post__not_in%5B0%5D=13987\" data-max-page=\"16\">\n                    <span class=\"eael-btn-loader button__loader\"><\/span>\n                    <span class=\"eael_load_more_text\">Cargar m\u00e1s<\/span>\n                <\/button>\n            <\/div>\n            \t\t\t\t<\/div>\n\t\t\t\t<\/div>\n\t\t\t\t\t<\/div>\n\t\t<\/div>\n\t\t\t\t\t<\/div>\n\t\t<\/section>\n\t\t\t\t<section class=\"elementor-section elementor-top-section elementor-element elementor-element-4fc6933a elementor-section-boxed elementor-section-height-default elementor-section-height-default\" data-id=\"4fc6933a\" data-element_type=\"section\" data-e-type=\"section\" data-settings=\"{&quot;background_background&quot;:&quot;classic&quot;}\">\n\t\t\t\t\t\t<div class=\"elementor-container elementor-column-gap-default\">\n\t\t\t\t\t<div class=\"elementor-column elementor-col-100 elementor-top-column elementor-element elementor-element-86dcbe7\" data-id=\"86dcbe7\" data-element_type=\"column\" data-e-type=\"column\">\n\t\t\t<div class=\"elementor-widget-wrap elementor-element-populated\">\n\t\t\t\t\t\t<div class=\"elementor-element elementor-element-7349fa6 elementor-widget elementor-widget-heading\" data-id=\"7349fa6\" data-element_type=\"widget\" data-e-type=\"widget\" data-widget_type=\"heading.default\">\n\t\t\t\t<div class=\"elementor-widget-container\">\n\t\t\t\t\t<h4 class=\"elementor-heading-title elementor-size-default\">\u00danete a nuestro Newsletter<\/h4>\t\t\t\t<\/div>\n\t\t\t\t<\/div>\n\t\t\t\t<div class=\"elementor-element elementor-element-367b5962 elementor-align-center elementor-tablet-align-center elementor-mobile-align-center elementor-widget elementor-widget-button\" data-id=\"367b5962\" data-element_type=\"widget\" data-e-type=\"widget\" data-widget_type=\"button.default\">\n\t\t\t\t<div class=\"elementor-widget-container\">\n\t\t\t\t\t\t\t\t\t<div class=\"elementor-button-wrapper\">\n\t\t\t\t\t<a class=\"elementor-button elementor-button-link elementor-size-md\" href=\"http:\/\/eepurl.com\/dyFHkD\">\n\t\t\t\t\t\t<span class=\"elementor-button-content-wrapper\">\n\t\t\t\t\t\t\t\t\t<span class=\"elementor-button-text\">SUSCR\u00cdBETE<\/span>\n\t\t\t\t\t<\/span>\n\t\t\t\t\t<\/a>\n\t\t\t\t<\/div>\n\t\t\t\t\t\t\t\t<\/div>\n\t\t\t\t<\/div>\n\t\t\t\t\t<\/div>\n\t\t<\/div>\n\t\t\t\t\t<\/div>\n\t\t<\/section>\n\t\t\t\t<\/div>\n\t\t","protected":false},"excerpt":{"rendered":"<p>El jueves 10 de octubre en el transcurso de la ceremonia de los premios gaudeamusPROJECTA se anunciaron las ganadoras y ganadores de la 7\u00aa edici\u00f3n.<\/p>\n","protected":false},"author":3,"featured_media":14126,"comment_status":"closed","ping_status":"closed","sticky":false,"template":"elementor_header_footer","format":"standard","meta":{"site-sidebar-layout":"default","site-content-layout":"default","ast-site-content-layout":"default","site-content-style":"default","site-sidebar-style":"default","ast-global-header-display":"","ast-banner-title-visibility":"","ast-main-header-display":"","ast-hfb-above-header-display":"","ast-hfb-below-header-display":"","ast-hfb-mobile-header-display":"","site-post-title":"","ast-breadcrumbs-content":"","ast-featured-img":"","footer-sml-layout":"","ast-disable-related-posts":"","theme-transparent-header-meta":"default","adv-header-id-meta":"","stick-header-meta":"","header-above-stick-meta":"","header-main-stick-meta":"","header-below-stick-meta":"","astra-migrate-meta-layouts":"default","ast-page-background-enabled":"default","ast-page-background-meta":{"desktop":{"background-color":"","background-image":"","background-repeat":"repeat","background-position":"center center","background-size":"auto","background-attachment":"scroll","background-type":"","background-media":"","overlay-type":"","overlay-color":"","overlay-opacity":"","overlay-gradient":""},"tablet":{"background-color":"","background-image":"","background-repeat":"repeat","background-position":"center center","background-size":"auto","background-attachment":"scroll","background-type":"","background-media":"","overlay-type":"","overlay-color":"","overlay-opacity":"","overlay-gradient":""},"mobile":{"background-color":"","background-image":"","background-repeat":"repeat","background-position":"center center","background-size":"auto","background-attachment":"scroll","background-type":"","background-media":"","overlay-type":"","overlay-color":"","overlay-opacity":"","overlay-gradient":""}},"ast-content-background-meta":{"desktop":{"background-color":"var(--ast-global-color-5)","background-image":"","background-repeat":"repeat","background-position":"center center","background-size":"auto","background-attachment":"scroll","background-type":"","background-media":"","overlay-type":"","overlay-color":"","overlay-opacity":"","overlay-gradient":""},"tablet":{"background-color":"var(--ast-global-color-5)","background-image":"","background-repeat":"repeat","background-position":"center center","background-size":"auto","background-attachment":"scroll","background-type":"","background-media":"","overlay-type":"","overlay-color":"","overlay-opacity":"","overlay-gradient":""},"mobile":{"background-color":"var(--ast-global-color-5)","background-image":"","background-repeat":"repeat","background-position":"center center","background-size":"auto","background-attachment":"scroll","background-type":"","background-media":"","overlay-type":"","overlay-color":"","overlay-opacity":"","overlay-gradient":""}},"footnotes":""},"categories":[129],"tags":[],"class_list":["post-13995","post","type-post","status-publish","format-standard","has-post-thumbnail","hentry","category-noticias"],"yoast_head":"<!-- This site is optimized with the Yoast SEO plugin v27.1.1 - https:\/\/yoast.com\/product\/yoast-seo-wordpress\/ -->\n<title>Celebramos la Excelencia: Conoce a los Ganadores de los premios gaudeamusProjecta 6ed<\/title>\n<meta name=\"description\" content=\"Se hacen p\u00fablicos los nombres de los ganadores de la 6\u00aa edici\u00f3n de los premios gaudeamusPROJECTA.\" \/>\n<meta name=\"robots\" content=\"index, follow, max-snippet:-1, max-image-preview:large, max-video-preview:-1\" \/>\n<link rel=\"canonical\" href=\"https:\/\/gaudeamusprojecta.dissenygrafic.org\/es\/descubre-a-los-ganadores-de-la-7a-edicion-de-los-premios-gaudeamusprojecta\/\" \/>\n<meta property=\"og:locale\" content=\"es_ES\" \/>\n<meta property=\"og:type\" content=\"article\" \/>\n<meta property=\"og:title\" content=\"Descubre a los ganadores de la 7\u00aa edici\u00f3n de los premios gaudeamusPROJECTA\" \/>\n<meta property=\"og:description\" content=\"El jueves 10 de octubre en el transcurso de la ceremonia de los premios gaudeamusPROJECTA se anunciaron las ganadoras y ganadores de la 7\u00aa edici\u00f3n.\" \/>\n<meta property=\"og:url\" content=\"https:\/\/gaudeamusprojecta.dissenygrafic.org\/es\/descubre-a-los-ganadores-de-la-7a-edicion-de-los-premios-gaudeamusprojecta\/\" \/>\n<meta property=\"og:site_name\" content=\"gaudeamusProjecta\" \/>\n<meta property=\"article:published_time\" content=\"2024-10-11T16:28:54+00:00\" \/>\n<meta property=\"article:modified_time\" content=\"2024-10-16T18:11:27+00:00\" \/>\n<meta property=\"og:image\" content=\"https:\/\/gaudeamusprojecta.dissenygrafic.org\/wp-content\/uploads\/2024\/10\/gP7_ganadores-1024x576.jpg\" \/>\n<meta name=\"author\" content=\"Projectes\" \/>\n<meta name=\"twitter:card\" content=\"summary_large_image\" \/>\n<meta name=\"twitter:title\" content=\"Descubre a los ganadores de la 7\u00aa edici\u00f3n de los premios gaudeamusPROJECTA\" \/>\n<meta name=\"twitter:description\" content=\"El jueves 10 de octubre en el transcurso de la ceremonia de los premios gaudeamusPROJECTA se anunciaron las ganadoras y ganadores de la 7\u00aa edici\u00f3n.\" \/>\n<meta name=\"twitter:image\" content=\"https:\/\/gaudeamusprojecta.dissenygrafic.org\/wp-content\/uploads\/2024\/10\/gP7_ganadores-1024x576.jpg\" \/>\n<meta name=\"twitter:label1\" content=\"Escrito por\" \/>\n\t<meta name=\"twitter:data1\" content=\"Projectes\" \/>\n\t<meta name=\"twitter:label2\" content=\"Tiempo de lectura\" \/>\n\t<meta name=\"twitter:data2\" content=\"3 minutos\" \/>\n<script type=\"application\/ld+json\" class=\"yoast-schema-graph\">{\"@context\":\"https:\/\/schema.org\",\"@graph\":[{\"@type\":\"Article\",\"@id\":\"https:\/\/gaudeamusprojecta.dissenygrafic.org\/es\/descubre-a-los-ganadores-de-la-7a-edicion-de-los-premios-gaudeamusprojecta\/#article\",\"isPartOf\":{\"@id\":\"https:\/\/gaudeamusprojecta.dissenygrafic.org\/es\/descubre-a-los-ganadores-de-la-7a-edicion-de-los-premios-gaudeamusprojecta\/\"},\"author\":{\"name\":\"Projectes\",\"@id\":\"https:\/\/gaudeamusprojecta.dissenygrafic.org\/es\/#\/schema\/person\/7db503d7cea7a2c1c7ef50867c203945\"},\"headline\":\"Descubre a los ganadores de la 7\u00aa edici\u00f3n de los premios gaudeamusPROJECTA\",\"datePublished\":\"2024-10-11T16:28:54+00:00\",\"dateModified\":\"2024-10-16T18:11:27+00:00\",\"mainEntityOfPage\":{\"@id\":\"https:\/\/gaudeamusprojecta.dissenygrafic.org\/es\/descubre-a-los-ganadores-de-la-7a-edicion-de-los-premios-gaudeamusprojecta\/\"},\"wordCount\":485,\"publisher\":{\"@id\":\"https:\/\/gaudeamusprojecta.dissenygrafic.org\/es\/#organization\"},\"image\":{\"@id\":\"https:\/\/gaudeamusprojecta.dissenygrafic.org\/es\/descubre-a-los-ganadores-de-la-7a-edicion-de-los-premios-gaudeamusprojecta\/#primaryimage\"},\"thumbnailUrl\":\"https:\/\/gaudeamusprojecta.dissenygrafic.org\/wp-content\/uploads\/2024\/10\/gp7_ganadores_01.jpg\",\"articleSection\":[\"Noticias (ESP)\"],\"inLanguage\":\"es\"},{\"@type\":\"WebPage\",\"@id\":\"https:\/\/gaudeamusprojecta.dissenygrafic.org\/es\/descubre-a-los-ganadores-de-la-7a-edicion-de-los-premios-gaudeamusprojecta\/\",\"url\":\"https:\/\/gaudeamusprojecta.dissenygrafic.org\/es\/descubre-a-los-ganadores-de-la-7a-edicion-de-los-premios-gaudeamusprojecta\/\",\"name\":\"Celebramos la Excelencia: Conoce a los Ganadores de los premios gaudeamusProjecta 6ed\",\"isPartOf\":{\"@id\":\"https:\/\/gaudeamusprojecta.dissenygrafic.org\/es\/#website\"},\"primaryImageOfPage\":{\"@id\":\"https:\/\/gaudeamusprojecta.dissenygrafic.org\/es\/descubre-a-los-ganadores-de-la-7a-edicion-de-los-premios-gaudeamusprojecta\/#primaryimage\"},\"image\":{\"@id\":\"https:\/\/gaudeamusprojecta.dissenygrafic.org\/es\/descubre-a-los-ganadores-de-la-7a-edicion-de-los-premios-gaudeamusprojecta\/#primaryimage\"},\"thumbnailUrl\":\"https:\/\/gaudeamusprojecta.dissenygrafic.org\/wp-content\/uploads\/2024\/10\/gp7_ganadores_01.jpg\",\"datePublished\":\"2024-10-11T16:28:54+00:00\",\"dateModified\":\"2024-10-16T18:11:27+00:00\",\"description\":\"Se hacen p\u00fablicos los nombres de los ganadores de la 6\u00aa edici\u00f3n de los premios gaudeamusPROJECTA.\",\"breadcrumb\":{\"@id\":\"https:\/\/gaudeamusprojecta.dissenygrafic.org\/es\/descubre-a-los-ganadores-de-la-7a-edicion-de-los-premios-gaudeamusprojecta\/#breadcrumb\"},\"inLanguage\":\"es\",\"potentialAction\":[{\"@type\":\"ReadAction\",\"target\":[\"https:\/\/gaudeamusprojecta.dissenygrafic.org\/es\/descubre-a-los-ganadores-de-la-7a-edicion-de-los-premios-gaudeamusprojecta\/\"]}]},{\"@type\":\"ImageObject\",\"inLanguage\":\"es\",\"@id\":\"https:\/\/gaudeamusprojecta.dissenygrafic.org\/es\/descubre-a-los-ganadores-de-la-7a-edicion-de-los-premios-gaudeamusprojecta\/#primaryimage\",\"url\":\"https:\/\/gaudeamusprojecta.dissenygrafic.org\/wp-content\/uploads\/2024\/10\/gp7_ganadores_01.jpg\",\"contentUrl\":\"https:\/\/gaudeamusprojecta.dissenygrafic.org\/wp-content\/uploads\/2024\/10\/gp7_ganadores_01.jpg\",\"width\":1280,\"height\":720},{\"@type\":\"BreadcrumbList\",\"@id\":\"https:\/\/gaudeamusprojecta.dissenygrafic.org\/es\/descubre-a-los-ganadores-de-la-7a-edicion-de-los-premios-gaudeamusprojecta\/#breadcrumb\",\"itemListElement\":[{\"@type\":\"ListItem\",\"position\":1,\"name\":\"Portada\",\"item\":\"https:\/\/gaudeamusprojecta.dissenygrafic.org\/es\/\"},{\"@type\":\"ListItem\",\"position\":2,\"name\":\"Descubre a los ganadores de la 7\u00aa edici\u00f3n de los premios gaudeamusPROJECTA\"}]},{\"@type\":\"WebSite\",\"@id\":\"https:\/\/gaudeamusprojecta.dissenygrafic.org\/es\/#website\",\"url\":\"https:\/\/gaudeamusprojecta.dissenygrafic.org\/es\/\",\"name\":\"gaudeamusProjecta\",\"description\":\"Premi Projecte Fi de Grau de Disseny Gr\u00e0fic\",\"publisher\":{\"@id\":\"https:\/\/gaudeamusprojecta.dissenygrafic.org\/es\/#organization\"},\"potentialAction\":[{\"@type\":\"SearchAction\",\"target\":{\"@type\":\"EntryPoint\",\"urlTemplate\":\"https:\/\/gaudeamusprojecta.dissenygrafic.org\/es\/?s={search_term_string}\"},\"query-input\":{\"@type\":\"PropertyValueSpecification\",\"valueRequired\":true,\"valueName\":\"search_term_string\"}}],\"inLanguage\":\"es\"},{\"@type\":\"Organization\",\"@id\":\"https:\/\/gaudeamusprojecta.dissenygrafic.org\/es\/#organization\",\"name\":\"gaudeamusProjecta\",\"url\":\"https:\/\/gaudeamusprojecta.dissenygrafic.org\/es\/\",\"logo\":{\"@type\":\"ImageObject\",\"inLanguage\":\"es\",\"@id\":\"https:\/\/gaudeamusprojecta.dissenygrafic.org\/es\/#\/schema\/logo\/image\/\",\"url\":\"https:\/\/gaudeamusprojecta.dissenygrafic.org\/wp-content\/uploads\/2020\/09\/cropped-gaudeamusprojecta_logo-1.png\",\"contentUrl\":\"https:\/\/gaudeamusprojecta.dissenygrafic.org\/wp-content\/uploads\/2020\/09\/cropped-gaudeamusprojecta_logo-1.png\",\"width\":220,\"height\":64,\"caption\":\"gaudeamusProjecta\"},\"image\":{\"@id\":\"https:\/\/gaudeamusprojecta.dissenygrafic.org\/es\/#\/schema\/logo\/image\/\"}},{\"@type\":\"Person\",\"@id\":\"https:\/\/gaudeamusprojecta.dissenygrafic.org\/es\/#\/schema\/person\/7db503d7cea7a2c1c7ef50867c203945\",\"name\":\"Projectes\",\"url\":\"https:\/\/gaudeamusprojecta.dissenygrafic.org\/es\/author\/projectes\/\"}]}<\/script>\n<!-- \/ Yoast SEO plugin. -->","yoast_head_json":{"title":"Celebramos la Excelencia: Conoce a los Ganadores de los premios gaudeamusProjecta 6ed","description":"Se hacen p\u00fablicos los nombres de los ganadores de la 6\u00aa edici\u00f3n de los premios gaudeamusPROJECTA.","robots":{"index":"index","follow":"follow","max-snippet":"max-snippet:-1","max-image-preview":"max-image-preview:large","max-video-preview":"max-video-preview:-1"},"canonical":"https:\/\/gaudeamusprojecta.dissenygrafic.org\/es\/descubre-a-los-ganadores-de-la-7a-edicion-de-los-premios-gaudeamusprojecta\/","og_locale":"es_ES","og_type":"article","og_title":"Descubre a los ganadores de la 7\u00aa edici\u00f3n de los premios gaudeamusPROJECTA","og_description":"El jueves 10 de octubre en el transcurso de la ceremonia de los premios gaudeamusPROJECTA se anunciaron las ganadoras y ganadores de la 7\u00aa edici\u00f3n.","og_url":"https:\/\/gaudeamusprojecta.dissenygrafic.org\/es\/descubre-a-los-ganadores-de-la-7a-edicion-de-los-premios-gaudeamusprojecta\/","og_site_name":"gaudeamusProjecta","article_published_time":"2024-10-11T16:28:54+00:00","article_modified_time":"2024-10-16T18:11:27+00:00","og_image":[{"url":"https:\/\/gaudeamusprojecta.dissenygrafic.org\/wp-content\/uploads\/2024\/10\/gP7_ganadores-1024x576.jpg","type":"","width":"","height":""}],"author":"Projectes","twitter_card":"summary_large_image","twitter_title":"Descubre a los ganadores de la 7\u00aa edici\u00f3n de los premios gaudeamusPROJECTA","twitter_description":"El jueves 10 de octubre en el transcurso de la ceremonia de los premios gaudeamusPROJECTA se anunciaron las ganadoras y ganadores de la 7\u00aa edici\u00f3n.","twitter_image":"https:\/\/gaudeamusprojecta.dissenygrafic.org\/wp-content\/uploads\/2024\/10\/gP7_ganadores-1024x576.jpg","twitter_misc":{"Escrito por":"Projectes","Tiempo de lectura":"3 minutos"},"schema":{"@context":"https:\/\/schema.org","@graph":[{"@type":"Article","@id":"https:\/\/gaudeamusprojecta.dissenygrafic.org\/es\/descubre-a-los-ganadores-de-la-7a-edicion-de-los-premios-gaudeamusprojecta\/#article","isPartOf":{"@id":"https:\/\/gaudeamusprojecta.dissenygrafic.org\/es\/descubre-a-los-ganadores-de-la-7a-edicion-de-los-premios-gaudeamusprojecta\/"},"author":{"name":"Projectes","@id":"https:\/\/gaudeamusprojecta.dissenygrafic.org\/es\/#\/schema\/person\/7db503d7cea7a2c1c7ef50867c203945"},"headline":"Descubre a los ganadores de la 7\u00aa edici\u00f3n de los premios gaudeamusPROJECTA","datePublished":"2024-10-11T16:28:54+00:00","dateModified":"2024-10-16T18:11:27+00:00","mainEntityOfPage":{"@id":"https:\/\/gaudeamusprojecta.dissenygrafic.org\/es\/descubre-a-los-ganadores-de-la-7a-edicion-de-los-premios-gaudeamusprojecta\/"},"wordCount":485,"publisher":{"@id":"https:\/\/gaudeamusprojecta.dissenygrafic.org\/es\/#organization"},"image":{"@id":"https:\/\/gaudeamusprojecta.dissenygrafic.org\/es\/descubre-a-los-ganadores-de-la-7a-edicion-de-los-premios-gaudeamusprojecta\/#primaryimage"},"thumbnailUrl":"https:\/\/gaudeamusprojecta.dissenygrafic.org\/wp-content\/uploads\/2024\/10\/gp7_ganadores_01.jpg","articleSection":["Noticias (ESP)"],"inLanguage":"es"},{"@type":"WebPage","@id":"https:\/\/gaudeamusprojecta.dissenygrafic.org\/es\/descubre-a-los-ganadores-de-la-7a-edicion-de-los-premios-gaudeamusprojecta\/","url":"https:\/\/gaudeamusprojecta.dissenygrafic.org\/es\/descubre-a-los-ganadores-de-la-7a-edicion-de-los-premios-gaudeamusprojecta\/","name":"Celebramos la Excelencia: Conoce a los Ganadores de los premios gaudeamusProjecta 6ed","isPartOf":{"@id":"https:\/\/gaudeamusprojecta.dissenygrafic.org\/es\/#website"},"primaryImageOfPage":{"@id":"https:\/\/gaudeamusprojecta.dissenygrafic.org\/es\/descubre-a-los-ganadores-de-la-7a-edicion-de-los-premios-gaudeamusprojecta\/#primaryimage"},"image":{"@id":"https:\/\/gaudeamusprojecta.dissenygrafic.org\/es\/descubre-a-los-ganadores-de-la-7a-edicion-de-los-premios-gaudeamusprojecta\/#primaryimage"},"thumbnailUrl":"https:\/\/gaudeamusprojecta.dissenygrafic.org\/wp-content\/uploads\/2024\/10\/gp7_ganadores_01.jpg","datePublished":"2024-10-11T16:28:54+00:00","dateModified":"2024-10-16T18:11:27+00:00","description":"Se hacen p\u00fablicos los nombres de los ganadores de la 6\u00aa edici\u00f3n de los premios gaudeamusPROJECTA.","breadcrumb":{"@id":"https:\/\/gaudeamusprojecta.dissenygrafic.org\/es\/descubre-a-los-ganadores-de-la-7a-edicion-de-los-premios-gaudeamusprojecta\/#breadcrumb"},"inLanguage":"es","potentialAction":[{"@type":"ReadAction","target":["https:\/\/gaudeamusprojecta.dissenygrafic.org\/es\/descubre-a-los-ganadores-de-la-7a-edicion-de-los-premios-gaudeamusprojecta\/"]}]},{"@type":"ImageObject","inLanguage":"es","@id":"https:\/\/gaudeamusprojecta.dissenygrafic.org\/es\/descubre-a-los-ganadores-de-la-7a-edicion-de-los-premios-gaudeamusprojecta\/#primaryimage","url":"https:\/\/gaudeamusprojecta.dissenygrafic.org\/wp-content\/uploads\/2024\/10\/gp7_ganadores_01.jpg","contentUrl":"https:\/\/gaudeamusprojecta.dissenygrafic.org\/wp-content\/uploads\/2024\/10\/gp7_ganadores_01.jpg","width":1280,"height":720},{"@type":"BreadcrumbList","@id":"https:\/\/gaudeamusprojecta.dissenygrafic.org\/es\/descubre-a-los-ganadores-de-la-7a-edicion-de-los-premios-gaudeamusprojecta\/#breadcrumb","itemListElement":[{"@type":"ListItem","position":1,"name":"Portada","item":"https:\/\/gaudeamusprojecta.dissenygrafic.org\/es\/"},{"@type":"ListItem","position":2,"name":"Descubre a los ganadores de la 7\u00aa edici\u00f3n de los premios gaudeamusPROJECTA"}]},{"@type":"WebSite","@id":"https:\/\/gaudeamusprojecta.dissenygrafic.org\/es\/#website","url":"https:\/\/gaudeamusprojecta.dissenygrafic.org\/es\/","name":"gaudeamusProjecta","description":"Premi Projecte Fi de Grau de Disseny Gr\u00e0fic","publisher":{"@id":"https:\/\/gaudeamusprojecta.dissenygrafic.org\/es\/#organization"},"potentialAction":[{"@type":"SearchAction","target":{"@type":"EntryPoint","urlTemplate":"https:\/\/gaudeamusprojecta.dissenygrafic.org\/es\/?s={search_term_string}"},"query-input":{"@type":"PropertyValueSpecification","valueRequired":true,"valueName":"search_term_string"}}],"inLanguage":"es"},{"@type":"Organization","@id":"https:\/\/gaudeamusprojecta.dissenygrafic.org\/es\/#organization","name":"gaudeamusProjecta","url":"https:\/\/gaudeamusprojecta.dissenygrafic.org\/es\/","logo":{"@type":"ImageObject","inLanguage":"es","@id":"https:\/\/gaudeamusprojecta.dissenygrafic.org\/es\/#\/schema\/logo\/image\/","url":"https:\/\/gaudeamusprojecta.dissenygrafic.org\/wp-content\/uploads\/2020\/09\/cropped-gaudeamusprojecta_logo-1.png","contentUrl":"https:\/\/gaudeamusprojecta.dissenygrafic.org\/wp-content\/uploads\/2020\/09\/cropped-gaudeamusprojecta_logo-1.png","width":220,"height":64,"caption":"gaudeamusProjecta"},"image":{"@id":"https:\/\/gaudeamusprojecta.dissenygrafic.org\/es\/#\/schema\/logo\/image\/"}},{"@type":"Person","@id":"https:\/\/gaudeamusprojecta.dissenygrafic.org\/es\/#\/schema\/person\/7db503d7cea7a2c1c7ef50867c203945","name":"Projectes","url":"https:\/\/gaudeamusprojecta.dissenygrafic.org\/es\/author\/projectes\/"}]}},"_links":{"self":[{"href":"https:\/\/gaudeamusprojecta.dissenygrafic.org\/es\/wp-json\/wp\/v2\/posts\/13995","targetHints":{"allow":["GET"]}}],"collection":[{"href":"https:\/\/gaudeamusprojecta.dissenygrafic.org\/es\/wp-json\/wp\/v2\/posts"}],"about":[{"href":"https:\/\/gaudeamusprojecta.dissenygrafic.org\/es\/wp-json\/wp\/v2\/types\/post"}],"author":[{"embeddable":true,"href":"https:\/\/gaudeamusprojecta.dissenygrafic.org\/es\/wp-json\/wp\/v2\/users\/3"}],"replies":[{"embeddable":true,"href":"https:\/\/gaudeamusprojecta.dissenygrafic.org\/es\/wp-json\/wp\/v2\/comments?post=13995"}],"version-history":[{"count":33,"href":"https:\/\/gaudeamusprojecta.dissenygrafic.org\/es\/wp-json\/wp\/v2\/posts\/13995\/revisions"}],"predecessor-version":[{"id":14144,"href":"https:\/\/gaudeamusprojecta.dissenygrafic.org\/es\/wp-json\/wp\/v2\/posts\/13995\/revisions\/14144"}],"wp:featuredmedia":[{"embeddable":true,"href":"https:\/\/gaudeamusprojecta.dissenygrafic.org\/es\/wp-json\/wp\/v2\/media\/14126"}],"wp:attachment":[{"href":"https:\/\/gaudeamusprojecta.dissenygrafic.org\/es\/wp-json\/wp\/v2\/media?parent=13995"}],"wp:term":[{"taxonomy":"category","embeddable":true,"href":"https:\/\/gaudeamusprojecta.dissenygrafic.org\/es\/wp-json\/wp\/v2\/categories?post=13995"},{"taxonomy":"post_tag","embeddable":true,"href":"https:\/\/gaudeamusprojecta.dissenygrafic.org\/es\/wp-json\/wp\/v2\/tags?post=13995"}],"curies":[{"name":"wp","href":"https:\/\/api.w.org\/{rel}","templated":true}]}}