{"id":8416,"date":"2022-07-29T17:30:00","date_gmt":"2022-07-29T15:30:00","guid":{"rendered":"https:\/\/gaudeamusprojecta.dissenygrafic.org\/ya-tenemos-a-los-24-seleccionados-de-la-5a-edicion-de-los-premios-gaudeamusprojecta\/"},"modified":"2023-07-31T12:57:23","modified_gmt":"2023-07-31T10:57:23","slug":"ya-tenemos-a-los-24-seleccionados-de-la-5a-edicion-de-los-premios-gaudeamusprojecta","status":"publish","type":"post","link":"https:\/\/gaudeamusprojecta.dissenygrafic.org\/es\/ya-tenemos-a-los-24-seleccionados-de-la-5a-edicion-de-los-premios-gaudeamusprojecta\/","title":{"rendered":"Ya tenemos a los 24 seleccionados de la 5\u00aa edici\u00f3n de los premios gaudeamusProjecta"},"content":{"rendered":"\t\t<div data-elementor-type=\"wp-post\" data-elementor-id=\"8416\" class=\"elementor elementor-8416 elementor-5922\">\n\t\t\t\t\t\t<section class=\"elementor-section elementor-top-section elementor-element elementor-element-69decb6a elementor-section-boxed elementor-section-height-default elementor-section-height-default\" data-id=\"69decb6a\" data-element_type=\"section\" data-e-type=\"section\" data-settings=\"{&quot;background_background&quot;:&quot;gradient&quot;}\">\n\t\t\t\t\t\t<div class=\"elementor-container elementor-column-gap-no\">\n\t\t\t\t\t<div class=\"elementor-column elementor-col-100 elementor-top-column elementor-element elementor-element-45611089\" data-id=\"45611089\" data-element_type=\"column\" data-e-type=\"column\">\n\t\t\t<div class=\"elementor-widget-wrap elementor-element-populated\">\n\t\t\t\t\t\t<div class=\"elementor-element elementor-element-416c2125 elementor-widget elementor-widget-heading\" data-id=\"416c2125\" data-element_type=\"widget\" data-e-type=\"widget\" data-widget_type=\"heading.default\">\n\t\t\t\t<div class=\"elementor-widget-container\">\n\t\t\t\t\t<h6 class=\"elementor-heading-title elementor-size-default\">premios gaudeamus projecta 5\u00aa edici\u00f3n<\/h6>\t\t\t\t<\/div>\n\t\t\t\t<\/div>\n\t\t\t\t<div class=\"elementor-element elementor-element-2aa56b5 elementor-widget elementor-widget-heading\" data-id=\"2aa56b5\" data-element_type=\"widget\" data-e-type=\"widget\" data-widget_type=\"heading.default\">\n\t\t\t\t<div class=\"elementor-widget-container\">\n\t\t\t\t\t<h1 class=\"elementor-heading-title elementor-size-default\">Ya tenemos a los 24 seleccionados de la 5\u00aa edici\u00f3n de los premios gaudeamusPROJECTA <\/h1>\t\t\t\t<\/div>\n\t\t\t\t<\/div>\n\t\t\t\t<div class=\"elementor-element elementor-element-419b19b8 elementor-widget elementor-widget-heading\" data-id=\"419b19b8\" data-element_type=\"widget\" data-e-type=\"widget\" data-widget_type=\"heading.default\">\n\t\t\t\t<div class=\"elementor-widget-container\">\n\t\t\t\t\t<h6 class=\"elementor-heading-title elementor-size-default\">29.07.22<\/h6>\t\t\t\t<\/div>\n\t\t\t\t<\/div>\n\t\t\t\t\t<\/div>\n\t\t<\/div>\n\t\t\t\t\t<\/div>\n\t\t<\/section>\n\t\t\t\t<section class=\"elementor-section elementor-top-section elementor-element elementor-element-99ca6da elementor-section-boxed elementor-section-height-default elementor-section-height-default\" data-id=\"99ca6da\" data-element_type=\"section\" data-e-type=\"section\" data-settings=\"{&quot;background_background&quot;:&quot;classic&quot;}\">\n\t\t\t\t\t\t<div class=\"elementor-container elementor-column-gap-no\">\n\t\t\t\t\t<div class=\"elementor-column elementor-col-100 elementor-top-column elementor-element elementor-element-0998b9b\" data-id=\"0998b9b\" data-element_type=\"column\" data-e-type=\"column\">\n\t\t\t<div class=\"elementor-widget-wrap elementor-element-populated\">\n\t\t\t\t\t\t<section class=\"elementor-section elementor-inner-section elementor-element elementor-element-d817629 elementor-section-boxed elementor-section-height-default elementor-section-height-default\" data-id=\"d817629\" data-element_type=\"section\" data-e-type=\"section\">\n\t\t\t\t\t\t<div class=\"elementor-container elementor-column-gap-no\">\n\t\t\t\t\t<div class=\"elementor-column elementor-col-100 elementor-inner-column elementor-element elementor-element-a59818e\" data-id=\"a59818e\" data-element_type=\"column\" data-e-type=\"column\">\n\t\t\t<div class=\"elementor-widget-wrap elementor-element-populated\">\n\t\t\t\t\t\t<div class=\"elementor-element elementor-element-b9fb378 elementor-widget elementor-widget-text-editor\" data-id=\"b9fb378\" data-element_type=\"widget\" data-e-type=\"widget\" data-widget_type=\"text-editor.default\">\n\t\t\t\t<div class=\"elementor-widget-container\">\n\t\t\t\t\t\t\t\t\t<h4><span style=\"font-size: 1.41176rem; font-weight: 400;\">Por fin ha llegado el d\u00eda, ya tenemos aqu\u00ed la lista de los 24 seleccionados de la 5\u00aa edici\u00f3n de los premios gaudeamusPROJECTA. Unos premios que reconocen y promueven la excelencia acad\u00e9mica de los proyectos de fin de grado en dise\u00f1o gr\u00e1fico presentados durante el 2021 en los centros educativos de todo el Estado.<\/span><\/h4>\n<\/p>\n<div>\n<p>Este a\u00f1o se celebrar\u00e1 el <strong>5 de octubre<\/strong> y se realizar\u00e1 en formato h\u00edbrido desde Barcelona, con p\u00fablico presencial y con retransmisi\u00f3n en streaming. Se podr\u00e1 disfrutar as\u00ed de las presentaciones, en directo y en formato online, por parte de las autoras y autores que comentar\u00e1n sus proyectos.<\/p>\n<\/div>\n<div>\n<p>La selecci\u00f3n de los 24 proyectos candidatos a los premios ha sido un reto para el jurado, puesto que las puntuaciones han sido muy ajustadas. Un hecho muy alentador, que demuestra el talento de las futuras generaciones de dise\u00f1adores gr\u00e1ficos de todo el Estado.<\/p>\n<p>Hay que recordar que los premios <i>gaudeamus<\/i>PROJECTA tambi\u00e9n reconocen y premian la direcci\u00f3n proyectual de las tutoras y tutores y al mismo centro acad\u00e9mico en el que han sido desarrollados. <\/p>\n<\/div>\n<h4>Este es el talento joven del dise\u00f1o gr\u00e1fico, la disciplina de la comunicaci\u00f3n visual!<\/h4>\n<div> <\/div>\n<p><i>(por orden alfab\u00e9tico)<\/i><\/p>\n\t\t\t\t\t\t\t\t<\/div>\n\t\t\t\t<\/div>\n\t\t\t\t\t<\/div>\n\t\t<\/div>\n\t\t\t\t\t<\/div>\n\t\t<\/section>\n\t\t\t\t\t<\/div>\n\t\t<\/div>\n\t\t\t\t\t<\/div>\n\t\t<\/section>\n\t\t\t\t<section class=\"elementor-section elementor-top-section elementor-element elementor-element-169ecaab elementor-section-boxed elementor-section-height-default elementor-section-height-default\" data-id=\"169ecaab\" data-element_type=\"section\" data-e-type=\"section\" data-settings=\"{&quot;background_background&quot;:&quot;classic&quot;}\">\n\t\t\t\t\t\t<div class=\"elementor-container elementor-column-gap-no\">\n\t\t\t\t\t<div class=\"elementor-column elementor-col-100 elementor-top-column elementor-element elementor-element-449318d8\" data-id=\"449318d8\" data-element_type=\"column\" data-e-type=\"column\">\n\t\t\t<div class=\"elementor-widget-wrap elementor-element-populated\">\n\t\t\t\t\t\t<section class=\"elementor-section elementor-inner-section elementor-element elementor-element-2acad023 elementor-section-boxed elementor-section-height-default elementor-section-height-default\" data-id=\"2acad023\" data-element_type=\"section\" data-e-type=\"section\" data-settings=\"{&quot;background_background&quot;:&quot;classic&quot;}\">\n\t\t\t\t\t\t<div class=\"elementor-container elementor-column-gap-no\">\n\t\t\t\t\t<div class=\"elementor-column elementor-col-100 elementor-inner-column elementor-element elementor-element-24113501\" data-id=\"24113501\" data-element_type=\"column\" data-e-type=\"column\">\n\t\t\t<div class=\"elementor-widget-wrap elementor-element-populated\">\n\t\t\t\t\t\t<div class=\"elementor-element elementor-element-4455140d elementor-widget elementor-widget-heading\" data-id=\"4455140d\" data-element_type=\"widget\" data-e-type=\"widget\" data-widget_type=\"heading.default\">\n\t\t\t\t<div class=\"elementor-widget-container\">\n\t\t\t\t\t<h2 class=\"elementor-heading-title elementor-size-default\">Proyectos Seleccionados<\/h2>\t\t\t\t<\/div>\n\t\t\t\t<\/div>\n\t\t\t\t<div class=\"elementor-element elementor-element-4abdea04 elementor-widget elementor-widget-heading\" data-id=\"4abdea04\" data-element_type=\"widget\" data-e-type=\"widget\" data-widget_type=\"heading.default\">\n\t\t\t\t<div class=\"elementor-widget-container\">\n\t\t\t\t\t<h6 class=\"elementor-heading-title elementor-size-default\">(autor\/a - PROYECTO - tutor\/a - centro)<\/h6>\t\t\t\t<\/div>\n\t\t\t\t<\/div>\n\t\t\t\t\t<\/div>\n\t\t<\/div>\n\t\t\t\t\t<\/div>\n\t\t<\/section>\n\t\t\t\t\t<\/div>\n\t\t<\/div>\n\t\t\t\t\t<\/div>\n\t\t<\/section>\n\t\t\t\t<section class=\"elementor-section elementor-top-section elementor-element elementor-element-c0f8fb0 elementor-section-boxed elementor-section-height-default elementor-section-height-default\" data-id=\"c0f8fb0\" data-element_type=\"section\" data-e-type=\"section\">\n\t\t\t\t\t\t<div class=\"elementor-container elementor-column-gap-default\">\n\t\t\t\t\t<div class=\"elementor-column elementor-col-25 elementor-top-column elementor-element elementor-element-36b54fcf\" data-id=\"36b54fcf\" data-element_type=\"column\" data-e-type=\"column\">\n\t\t\t<div class=\"elementor-widget-wrap elementor-element-populated\">\n\t\t\t\t\t\t<div class=\"elementor-element elementor-element-3f71a85b eael-team-align-centered elementor-widget elementor-widget-eael-team-member\" data-id=\"3f71a85b\" data-element_type=\"widget\" data-e-type=\"widget\" data-widget_type=\"eael-team-member.default\">\n\t\t\t\t<div class=\"elementor-widget-container\">\n\t\t\t\t\t\n\n\t<div id=\"eael-team-member-3f71a85b\" class=\"eael-team-item eael-team-members-overlay \">\n\t\t<div class=\"eael-team-item-inner\">\n\t\t\t<div class=\"eael-team-image\">\n\t\t\t\t<figure>\n\t\t\t\t\t\t\t\t\t\t<img decoding=\"async\" src=\"https:\/\/gaudeamusprojecta.dissenygrafic.org\/wp-content\/uploads\/2022\/09\/0011_Leyre-Alcaide.jpg\" alt=\"\">\n\t\t\t\t\t\t\t\t\t<\/figure>\n\t\t\t\t\n\t\t\t\t\n\t\t\t<\/div>\n\n\t\t\t<div class=\"eael-team-content\">\n\t\t\t\t<h2 class=\"eael-team-member-name\">Alcaide Arrondo, Leyre<\/h2><h3 class=\"eael-team-member-position\">La lectura desde la invidencia<\/h3>\n\t\t\t\t\t\t\t\t\t\t\t\t\t\t<p class=\"eael-team-text\">Tutorizado por: Javier Celay <br>\nCentro: CreaNavarra<\/p>\n\t\t\t\t\t\t\t<\/div>\n\t\t<\/div>\n\t<\/div>\n\t\t\t\t\t<\/div>\n\t\t\t\t<\/div>\n\t\t\t\t\t<\/div>\n\t\t<\/div>\n\t\t\t\t<div class=\"elementor-column elementor-col-25 elementor-top-column elementor-element elementor-element-3cdce15e\" data-id=\"3cdce15e\" data-element_type=\"column\" data-e-type=\"column\">\n\t\t\t<div class=\"elementor-widget-wrap elementor-element-populated\">\n\t\t\t\t\t\t<div class=\"elementor-element elementor-element-646043d3 eael-team-align-centered elementor-widget elementor-widget-eael-team-member\" data-id=\"646043d3\" data-element_type=\"widget\" data-e-type=\"widget\" data-widget_type=\"eael-team-member.default\">\n\t\t\t\t<div class=\"elementor-widget-container\">\n\t\t\t\t\t\n\n\t<div id=\"eael-team-member-646043d3\" class=\"eael-team-item eael-team-members-overlay \">\n\t\t<div class=\"eael-team-item-inner\">\n\t\t\t<div class=\"eael-team-image\">\n\t\t\t\t<figure>\n\t\t\t\t\t\t\t\t\t\t<img decoding=\"async\" src=\"https:\/\/gaudeamusprojecta.dissenygrafic.org\/wp-content\/uploads\/2022\/09\/0023_Ana_Aldeguer.jpg\" alt=\"\">\n\t\t\t\t\t\t\t\t\t<\/figure>\n\t\t\t\t\n\t\t\t\t\n\t\t\t<\/div>\n\n\t\t\t<div class=\"eael-team-content\">\n\t\t\t\t<h2 class=\"eael-team-member-name\">Aldeguer Gonz\u00e1lez, Ana<\/h2><h3 class=\"eael-team-member-position\">Las Habitantes<\/h3>\n\t\t\t\t\t\t\t\t\t\t\t\t\t\t<p class=\"eael-team-text\">Tutorizado por: Bea Jover Smet <br>\nCentro: EASD Alicante<\/p>\n\t\t\t\t\t\t\t<\/div>\n\t\t<\/div>\n\t<\/div>\n\t\t\t\t\t<\/div>\n\t\t\t\t<\/div>\n\t\t\t\t\t<\/div>\n\t\t<\/div>\n\t\t\t\t<div class=\"elementor-column elementor-col-25 elementor-top-column elementor-element elementor-element-3b519169\" data-id=\"3b519169\" data-element_type=\"column\" data-e-type=\"column\">\n\t\t\t<div class=\"elementor-widget-wrap elementor-element-populated\">\n\t\t\t\t\t\t<div class=\"elementor-element elementor-element-7be4bcf8 eael-team-align-centered elementor-widget elementor-widget-eael-team-member\" data-id=\"7be4bcf8\" data-element_type=\"widget\" data-e-type=\"widget\" data-widget_type=\"eael-team-member.default\">\n\t\t\t\t<div class=\"elementor-widget-container\">\n\t\t\t\t\t\n\n\t<div id=\"eael-team-member-7be4bcf8\" class=\"eael-team-item eael-team-members-overlay \">\n\t\t<div class=\"eael-team-item-inner\">\n\t\t\t<div class=\"eael-team-image\">\n\t\t\t\t<figure>\n\t\t\t\t\t\t\t\t\t\t<img decoding=\"async\" src=\"https:\/\/gaudeamusprojecta.dissenygrafic.org\/wp-content\/uploads\/2022\/09\/0016_Clara-Bayo.jpg\" alt=\"\">\n\t\t\t\t\t\t\t\t\t<\/figure>\n\t\t\t\t\n\t\t\t\t\n\t\t\t<\/div>\n\n\t\t\t<div class=\"eael-team-content\">\n\t\t\t\t<h2 class=\"eael-team-member-name\">Bayo Molina, Clara<\/h2><h3 class=\"eael-team-member-position\">Mai-s\u2019atura<\/h3>\n\t\t\t\t\t\t\t\t\t\t\t\t\t\t<p class=\"eael-team-text\">Tutorizado por: Gonzalo Mora, Ana M\u00aa Delgado y Antonio Javier Garc\u00eda <br>\nCentro: EASD Val\u00e8ncia<\/p>\n\t\t\t\t\t\t\t<\/div>\n\t\t<\/div>\n\t<\/div>\n\t\t\t\t\t<\/div>\n\t\t\t\t<\/div>\n\t\t\t\t\t<\/div>\n\t\t<\/div>\n\t\t\t\t<div class=\"elementor-column elementor-col-25 elementor-top-column elementor-element elementor-element-4dacb327\" data-id=\"4dacb327\" data-element_type=\"column\" data-e-type=\"column\">\n\t\t\t<div class=\"elementor-widget-wrap elementor-element-populated\">\n\t\t\t\t\t\t<div class=\"elementor-element elementor-element-3857b4f8 eael-team-align-centered elementor-widget elementor-widget-eael-team-member\" data-id=\"3857b4f8\" data-element_type=\"widget\" data-e-type=\"widget\" data-widget_type=\"eael-team-member.default\">\n\t\t\t\t<div class=\"elementor-widget-container\">\n\t\t\t\t\t\n\n\t<div id=\"eael-team-member-3857b4f8\" class=\"eael-team-item eael-team-members-overlay \">\n\t\t<div class=\"eael-team-item-inner\">\n\t\t\t<div class=\"eael-team-image\">\n\t\t\t\t<figure>\n\t\t\t\t\t\t\t\t\t\t<img decoding=\"async\" src=\"https:\/\/gaudeamusprojecta.dissenygrafic.org\/wp-content\/uploads\/2022\/09\/0001_David-Cabezuelo.jpg\" alt=\"\">\n\t\t\t\t\t\t\t\t\t<\/figure>\n\t\t\t\t\n\t\t\t\t\n\t\t\t<\/div>\n\n\t\t\t<div class=\"eael-team-content\">\n\t\t\t\t<h2 class=\"eael-team-member-name\">Cabezuelo Polo, David <\/h2><h3 class=\"eael-team-member-position\">Post-Vision<\/h3>\n\t\t\t\t\t\t\t\t\t\t\t\t\t\t<p class=\"eael-team-text\">Tutorizado por: Aitor Baigorri Ozcoidi <br>\nCentro: IED Madrid<\/p>\n\t\t\t\t\t\t\t<\/div>\n\t\t<\/div>\n\t<\/div>\n\t\t\t\t\t<\/div>\n\t\t\t\t<\/div>\n\t\t\t\t\t<\/div>\n\t\t<\/div>\n\t\t\t\t\t<\/div>\n\t\t<\/section>\n\t\t\t\t<section class=\"elementor-section elementor-top-section elementor-element elementor-element-13839b23 elementor-section-boxed elementor-section-height-default elementor-section-height-default\" data-id=\"13839b23\" data-element_type=\"section\" data-e-type=\"section\">\n\t\t\t\t\t\t<div class=\"elementor-container elementor-column-gap-default\">\n\t\t\t\t\t<div class=\"elementor-column elementor-col-25 elementor-top-column elementor-element elementor-element-736662ac\" data-id=\"736662ac\" data-element_type=\"column\" data-e-type=\"column\">\n\t\t\t<div class=\"elementor-widget-wrap elementor-element-populated\">\n\t\t\t\t\t\t<div class=\"elementor-element elementor-element-7f472147 eael-team-align-centered elementor-widget elementor-widget-eael-team-member\" data-id=\"7f472147\" data-element_type=\"widget\" data-e-type=\"widget\" data-widget_type=\"eael-team-member.default\">\n\t\t\t\t<div class=\"elementor-widget-container\">\n\t\t\t\t\t\n\n\t<div id=\"eael-team-member-7f472147\" class=\"eael-team-item eael-team-members-overlay \">\n\t\t<div class=\"eael-team-item-inner\">\n\t\t\t<div class=\"eael-team-image\">\n\t\t\t\t<figure>\n\t\t\t\t\t\t\t\t\t\t<img decoding=\"async\" src=\"https:\/\/gaudeamusprojecta.dissenygrafic.org\/wp-content\/uploads\/2022\/09\/0004_Jaiver-Diaz-.jpg\" alt=\"\">\n\t\t\t\t\t\t\t\t\t<\/figure>\n\t\t\t\t\n\t\t\t\t\n\t\t\t<\/div>\n\n\t\t\t<div class=\"eael-team-content\">\n\t\t\t\t<h2 class=\"eael-team-member-name\">D\u00edaz Amador, Javier <\/h2><h3 class=\"eael-team-member-position\">Trust in Trash<\/h3>\n\t\t\t\t\t\t\t\t\t\t\t\t\t\t<p class=\"eael-team-text\">Tutorizado por: Alfredo Clemente Rivero Rivero\nCentro: Universidad de La Laguna<\/p>\n\t\t\t\t\t\t\t<\/div>\n\t\t<\/div>\n\t<\/div>\n\t\t\t\t\t<\/div>\n\t\t\t\t<\/div>\n\t\t\t\t\t<\/div>\n\t\t<\/div>\n\t\t\t\t<div class=\"elementor-column elementor-col-25 elementor-top-column elementor-element elementor-element-719b5e67\" data-id=\"719b5e67\" data-element_type=\"column\" data-e-type=\"column\">\n\t\t\t<div class=\"elementor-widget-wrap elementor-element-populated\">\n\t\t\t\t\t\t<div class=\"elementor-element elementor-element-5dffc2f7 eael-team-align-centered elementor-widget elementor-widget-eael-team-member\" data-id=\"5dffc2f7\" data-element_type=\"widget\" data-e-type=\"widget\" data-widget_type=\"eael-team-member.default\">\n\t\t\t\t<div class=\"elementor-widget-container\">\n\t\t\t\t\t\n\n\t<div id=\"eael-team-member-5dffc2f7\" class=\"eael-team-item eael-team-members-overlay \">\n\t\t<div class=\"eael-team-item-inner\">\n\t\t\t<div class=\"eael-team-image\">\n\t\t\t\t<figure>\n\t\t\t\t\t\t\t\t\t\t<img decoding=\"async\" src=\"https:\/\/gaudeamusprojecta.dissenygrafic.org\/wp-content\/uploads\/2022\/09\/0009_Ali\u0301cia-Ferreiro.jpg\" alt=\"\">\n\t\t\t\t\t\t\t\t\t<\/figure>\n\t\t\t\t\n\t\t\t\t\n\t\t\t<\/div>\n\n\t\t\t<div class=\"eael-team-content\">\n\t\t\t\t<h2 class=\"eael-team-member-name\">Ferreiro Luque, Al\u00edcia <\/h2><h3 class=\"eael-team-member-position\"> La costa brama<\/h3>\n\t\t\t\t\t\t\t\t\t\t\t\t\t\t<p class=\"eael-team-text\">Tutorizado por: Gemma Reixach <br>\nCentro: ESDAPC\n<\/p>\n\t\t\t\t\t\t\t<\/div>\n\t\t<\/div>\n\t<\/div>\n\t\t\t\t\t<\/div>\n\t\t\t\t<\/div>\n\t\t\t\t\t<\/div>\n\t\t<\/div>\n\t\t\t\t<div class=\"elementor-column elementor-col-25 elementor-top-column elementor-element elementor-element-4af5c5cb\" data-id=\"4af5c5cb\" data-element_type=\"column\" data-e-type=\"column\">\n\t\t\t<div class=\"elementor-widget-wrap elementor-element-populated\">\n\t\t\t\t\t\t<div class=\"elementor-element elementor-element-64c06288 eael-team-align-centered elementor-widget elementor-widget-eael-team-member\" data-id=\"64c06288\" data-element_type=\"widget\" data-e-type=\"widget\" data-widget_type=\"eael-team-member.default\">\n\t\t\t\t<div class=\"elementor-widget-container\">\n\t\t\t\t\t\n\n\t<div id=\"eael-team-member-64c06288\" class=\"eael-team-item eael-team-members-overlay \">\n\t\t<div class=\"eael-team-item-inner\">\n\t\t\t<div class=\"eael-team-image\">\n\t\t\t\t<figure>\n\t\t\t\t\t\t\t\t\t\t<img decoding=\"async\" src=\"https:\/\/gaudeamusprojecta.dissenygrafic.org\/wp-content\/uploads\/2022\/09\/0019_Rebeca_Clemente.jpg\" alt=\"\">\n\t\t\t\t\t\t\t\t\t<\/figure>\n\t\t\t\t\n\t\t\t\t\n\t\t\t<\/div>\n\n\t\t\t<div class=\"eael-team-content\">\n\t\t\t\t<h2 class=\"eael-team-member-name\"> Ferrer Clemente, Rebeca Emperatriz <\/h2><h3 class=\"eael-team-member-position\">Partium. Juego de poder<\/h3>\n\t\t\t\t\t\t\t\t\t\t\t\t\t\t<p class=\"eael-team-text\">Tutorizado por: Dra. Soheila Pirasteh Karimzadeh Tabrizi <br>\nCentro: Universidad de La Laguna\n<\/p>\n\t\t\t\t\t\t\t<\/div>\n\t\t<\/div>\n\t<\/div>\n\t\t\t\t\t<\/div>\n\t\t\t\t<\/div>\n\t\t\t\t\t<\/div>\n\t\t<\/div>\n\t\t\t\t<div class=\"elementor-column elementor-col-25 elementor-top-column elementor-element elementor-element-617e1b51\" data-id=\"617e1b51\" data-element_type=\"column\" data-e-type=\"column\">\n\t\t\t<div class=\"elementor-widget-wrap elementor-element-populated\">\n\t\t\t\t\t\t<div class=\"elementor-element elementor-element-37282a40 eael-team-align-centered elementor-widget elementor-widget-eael-team-member\" data-id=\"37282a40\" data-element_type=\"widget\" data-e-type=\"widget\" data-widget_type=\"eael-team-member.default\">\n\t\t\t\t<div class=\"elementor-widget-container\">\n\t\t\t\t\t\n\n\t<div id=\"eael-team-member-37282a40\" class=\"eael-team-item eael-team-members-overlay \">\n\t\t<div class=\"eael-team-item-inner\">\n\t\t\t<div class=\"eael-team-image\">\n\t\t\t\t<figure>\n\t\t\t\t\t\t\t\t\t\t<img decoding=\"async\" src=\"https:\/\/gaudeamusprojecta.dissenygrafic.org\/wp-content\/uploads\/2022\/09\/0008_Laura-Jover.jpg\" alt=\"\">\n\t\t\t\t\t\t\t\t\t<\/figure>\n\t\t\t\t\n\t\t\t\t\n\t\t\t<\/div>\n\n\t\t\t<div class=\"eael-team-content\">\n\t\t\t\t<h2 class=\"eael-team-member-name\">Jover Laguarda, Laura <\/h2><h3 class=\"eael-team-member-position\"> Ciclos Formativos<\/h3>\n\t\t\t\t\t\t\t\t\t\t\t\t\t\t<p class=\"eael-team-text\">Tutorizado por: Gonzalo Mora, Ana M\u00aa Delgado y Antonio Javier Garc\u00eda <br>\nCentro: EASD Val\u00e8ncia\n<\/p>\n\t\t\t\t\t\t\t<\/div>\n\t\t<\/div>\n\t<\/div>\n\t\t\t\t\t<\/div>\n\t\t\t\t<\/div>\n\t\t\t\t\t<\/div>\n\t\t<\/div>\n\t\t\t\t\t<\/div>\n\t\t<\/section>\n\t\t\t\t<section class=\"elementor-section elementor-top-section elementor-element elementor-element-128724de elementor-section-boxed elementor-section-height-default elementor-section-height-default\" data-id=\"128724de\" data-element_type=\"section\" data-e-type=\"section\">\n\t\t\t\t\t\t<div class=\"elementor-container elementor-column-gap-default\">\n\t\t\t\t\t<div class=\"elementor-column elementor-col-25 elementor-top-column elementor-element elementor-element-58ab6382\" data-id=\"58ab6382\" data-element_type=\"column\" data-e-type=\"column\">\n\t\t\t<div class=\"elementor-widget-wrap elementor-element-populated\">\n\t\t\t\t\t\t<div class=\"elementor-element elementor-element-66f8919a eael-team-align-centered elementor-widget elementor-widget-eael-team-member\" data-id=\"66f8919a\" data-element_type=\"widget\" data-e-type=\"widget\" data-widget_type=\"eael-team-member.default\">\n\t\t\t\t<div class=\"elementor-widget-container\">\n\t\t\t\t\t\n\n\t<div id=\"eael-team-member-66f8919a\" class=\"eael-team-item eael-team-members-overlay \">\n\t\t<div class=\"eael-team-item-inner\">\n\t\t\t<div class=\"eael-team-image\">\n\t\t\t\t<figure>\n\t\t\t\t\t\t\t\t\t\t<img decoding=\"async\" src=\"https:\/\/gaudeamusprojecta.dissenygrafic.org\/wp-content\/uploads\/2022\/09\/0010_Yolanda-Justicia.jpg\" alt=\"\">\n\t\t\t\t\t\t\t\t\t<\/figure>\n\t\t\t\t\n\t\t\t\t\n\t\t\t<\/div>\n\n\t\t\t<div class=\"eael-team-content\">\n\t\t\t\t<h2 class=\"eael-team-member-name\">Justicia Contreras, Yolanda <\/h2><h3 class=\"eael-team-member-position\"> The \u201crare\u201d Heraldics<\/h3>\n\t\t\t\t\t\t\t\t\t\t\t\t\t\t<p class=\"eael-team-text\">Tutorizado por: Carla Molins <br>\nCentro: ELISAVA\n<\/p>\n\t\t\t\t\t\t\t<\/div>\n\t\t<\/div>\n\t<\/div>\n\t\t\t\t\t<\/div>\n\t\t\t\t<\/div>\n\t\t\t\t\t<\/div>\n\t\t<\/div>\n\t\t\t\t<div class=\"elementor-column elementor-col-25 elementor-top-column elementor-element elementor-element-25ab3df1\" data-id=\"25ab3df1\" data-element_type=\"column\" data-e-type=\"column\">\n\t\t\t<div class=\"elementor-widget-wrap elementor-element-populated\">\n\t\t\t\t\t\t<div class=\"elementor-element elementor-element-78b028a0 eael-team-align-centered elementor-widget elementor-widget-eael-team-member\" data-id=\"78b028a0\" data-element_type=\"widget\" data-e-type=\"widget\" data-widget_type=\"eael-team-member.default\">\n\t\t\t\t<div class=\"elementor-widget-container\">\n\t\t\t\t\t\n\n\t<div id=\"eael-team-member-78b028a0\" class=\"eael-team-item eael-team-members-overlay \">\n\t\t<div class=\"eael-team-item-inner\">\n\t\t\t<div class=\"eael-team-image\">\n\t\t\t\t<figure>\n\t\t\t\t\t\t\t\t\t\t<img decoding=\"async\" src=\"https:\/\/gaudeamusprojecta.dissenygrafic.org\/wp-content\/uploads\/2022\/09\/0013_Diana-Lacasa.jpg\" alt=\"\">\n\t\t\t\t\t\t\t\t\t<\/figure>\n\t\t\t\t\n\t\t\t\t\n\t\t\t<\/div>\n\n\t\t\t<div class=\"eael-team-content\">\n\t\t\t\t<h2 class=\"eael-team-member-name\">Lacasa Piqu\u00e9, Diana<\/h2><h3 class=\"eael-team-member-position\">Hitos: aqu\u00ed contamos historias<\/h3>\n\t\t\t\t\t\t\t\t\t\t\t\t\t\t<p class=\"eael-team-text\"> Tutorizado por: Adelina Borrell i Gispert <br>\nCentro: ESDAPC<\/p>\n\t\t\t\t\t\t\t<\/div>\n\t\t<\/div>\n\t<\/div>\n\t\t\t\t\t<\/div>\n\t\t\t\t<\/div>\n\t\t\t\t\t<\/div>\n\t\t<\/div>\n\t\t\t\t<div class=\"elementor-column elementor-col-25 elementor-top-column elementor-element elementor-element-38d14177\" data-id=\"38d14177\" data-element_type=\"column\" data-e-type=\"column\">\n\t\t\t<div class=\"elementor-widget-wrap elementor-element-populated\">\n\t\t\t\t\t\t<div class=\"elementor-element elementor-element-62b97d43 eael-team-align-centered elementor-widget elementor-widget-eael-team-member\" data-id=\"62b97d43\" data-element_type=\"widget\" data-e-type=\"widget\" data-widget_type=\"eael-team-member.default\">\n\t\t\t\t<div class=\"elementor-widget-container\">\n\t\t\t\t\t\n\n\t<div id=\"eael-team-member-62b97d43\" class=\"eael-team-item eael-team-members-overlay \">\n\t\t<div class=\"eael-team-item-inner\">\n\t\t\t<div class=\"eael-team-image\">\n\t\t\t\t<figure>\n\t\t\t\t\t\t\t\t\t\t<img decoding=\"async\" src=\"https:\/\/gaudeamusprojecta.dissenygrafic.org\/wp-content\/uploads\/2022\/09\/0002_Ona-Lorca.jpg\" alt=\"\">\n\t\t\t\t\t\t\t\t\t<\/figure>\n\t\t\t\t\n\t\t\t\t\n\t\t\t<\/div>\n\n\t\t\t<div class=\"eael-team-content\">\n\t\t\t\t<h2 class=\"eael-team-member-name\">Lorca Leal, Ona<\/h2><h3 class=\"eael-team-member-position\">Integraci\u00f3n de la tercera edad<\/h3>\n\t\t\t\t\t\t\t\t\t\t\t\t\t\t<p class=\"eael-team-text\">Tutorizado por: S\u00f2nia Jou <br>\nCentro: ESDAPC<\/p>\n\t\t\t\t\t\t\t<\/div>\n\t\t<\/div>\n\t<\/div>\n\t\t\t\t\t<\/div>\n\t\t\t\t<\/div>\n\t\t\t\t\t<\/div>\n\t\t<\/div>\n\t\t\t\t<div class=\"elementor-column elementor-col-25 elementor-top-column elementor-element elementor-element-69c18a50\" data-id=\"69c18a50\" data-element_type=\"column\" data-e-type=\"column\">\n\t\t\t<div class=\"elementor-widget-wrap elementor-element-populated\">\n\t\t\t\t\t\t<div class=\"elementor-element elementor-element-86eb42 eael-team-align-centered elementor-widget elementor-widget-eael-team-member\" data-id=\"86eb42\" data-element_type=\"widget\" data-e-type=\"widget\" data-widget_type=\"eael-team-member.default\">\n\t\t\t\t<div class=\"elementor-widget-container\">\n\t\t\t\t\t\n\n\t<div id=\"eael-team-member-86eb42\" class=\"eael-team-item eael-team-members-overlay \">\n\t\t<div class=\"eael-team-item-inner\">\n\t\t\t<div class=\"eael-team-image\">\n\t\t\t\t<figure>\n\t\t\t\t\t\t\t\t\t\t<img decoding=\"async\" src=\"https:\/\/gaudeamusprojecta.dissenygrafic.org\/wp-content\/uploads\/2022\/09\/0012_Marta-Manubens.jpg\" alt=\"\">\n\t\t\t\t\t\t\t\t\t<\/figure>\n\t\t\t\t\n\t\t\t\t\n\t\t\t<\/div>\n\n\t\t\t<div class=\"eael-team-content\">\n\t\t\t\t<h2 class=\"eael-team-member-name\">Manubens Marquez, Marta <\/h2><h3 class=\"eael-team-member-position\">Nosno<\/h3>\n\t\t\t\t\t\t\t\t\t\t\t\t\t\t<p class=\"eael-team-text\">Tutorizado por: Ferran Carbonell Pous <br>\nCentro: ESDAPC\n<\/p>\n\t\t\t\t\t\t\t<\/div>\n\t\t<\/div>\n\t<\/div>\n\t\t\t\t\t<\/div>\n\t\t\t\t<\/div>\n\t\t\t\t\t<\/div>\n\t\t<\/div>\n\t\t\t\t\t<\/div>\n\t\t<\/section>\n\t\t\t\t<section class=\"elementor-section elementor-top-section elementor-element elementor-element-7d3497dd elementor-section-boxed elementor-section-height-default elementor-section-height-default\" data-id=\"7d3497dd\" data-element_type=\"section\" data-e-type=\"section\">\n\t\t\t\t\t\t<div class=\"elementor-container elementor-column-gap-default\">\n\t\t\t\t\t<div class=\"elementor-column elementor-col-25 elementor-top-column elementor-element elementor-element-535556a6\" data-id=\"535556a6\" data-element_type=\"column\" data-e-type=\"column\">\n\t\t\t<div class=\"elementor-widget-wrap elementor-element-populated\">\n\t\t\t\t\t\t<div class=\"elementor-element elementor-element-84825b5 eael-team-align-centered elementor-widget elementor-widget-eael-team-member\" data-id=\"84825b5\" data-element_type=\"widget\" data-e-type=\"widget\" data-widget_type=\"eael-team-member.default\">\n\t\t\t\t<div class=\"elementor-widget-container\">\n\t\t\t\t\t\n\n\t<div id=\"eael-team-member-84825b5\" class=\"eael-team-item eael-team-members-overlay \">\n\t\t<div class=\"eael-team-item-inner\">\n\t\t\t<div class=\"eael-team-image\">\n\t\t\t\t<figure>\n\t\t\t\t\t\t\t\t\t\t<img decoding=\"async\" src=\"https:\/\/gaudeamusprojecta.dissenygrafic.org\/wp-content\/uploads\/2022\/09\/0000_Sara-Mari\u0301n.jpg\" alt=\"\">\n\t\t\t\t\t\t\t\t\t<\/figure>\n\t\t\t\t\n\t\t\t\t\n\t\t\t<\/div>\n\n\t\t\t<div class=\"eael-team-content\">\n\t\t\t\t<h2 class=\"eael-team-member-name\">Mar\u00edn Ferrandiz, Sara<\/h2><h3 class=\"eael-team-member-position\"> Somriures<\/h3>\n\t\t\t\t\t\t\t\t\t\t\t\t\t\t<p class=\"eael-team-text\">Tutorizado por: Rafa Calbo Such <br>\nCentro: EASD Alcoi\n<\/p>\n\t\t\t\t\t\t\t<\/div>\n\t\t<\/div>\n\t<\/div>\n\t\t\t\t\t<\/div>\n\t\t\t\t<\/div>\n\t\t\t\t\t<\/div>\n\t\t<\/div>\n\t\t\t\t<div class=\"elementor-column elementor-col-25 elementor-top-column elementor-element elementor-element-2e415680\" data-id=\"2e415680\" data-element_type=\"column\" data-e-type=\"column\">\n\t\t\t<div class=\"elementor-widget-wrap elementor-element-populated\">\n\t\t\t\t\t\t<div class=\"elementor-element elementor-element-c33302 eael-team-align-centered elementor-widget elementor-widget-eael-team-member\" data-id=\"c33302\" data-element_type=\"widget\" data-e-type=\"widget\" data-widget_type=\"eael-team-member.default\">\n\t\t\t\t<div class=\"elementor-widget-container\">\n\t\t\t\t\t\n\n\t<div id=\"eael-team-member-c33302\" class=\"eael-team-item eael-team-members-overlay \">\n\t\t<div class=\"eael-team-item-inner\">\n\t\t\t<div class=\"eael-team-image\">\n\t\t\t\t<figure>\n\t\t\t\t\t\t\t\t\t\t<img decoding=\"async\" src=\"https:\/\/gaudeamusprojecta.dissenygrafic.org\/wp-content\/uploads\/2022\/09\/0015_Noelia-MArtin.jpg\" alt=\"\">\n\t\t\t\t\t\t\t\t\t<\/figure>\n\t\t\t\t\n\t\t\t\t\n\t\t\t<\/div>\n\n\t\t\t<div class=\"eael-team-content\">\n\t\t\t\t<h2 class=\"eael-team-member-name\">Mart\u00edn Olivares, Noelia <\/h2><h3 class=\"eael-team-member-position\"> Bit-N Music<\/h3>\n\t\t\t\t\t\t\t\t\t\t\t\t\t\t<p class=\"eael-team-text\">Tutorizado: Ram\u00f3n Faura i Mario Martinez Santamaria <br>\nCentro: ELISAVA\n<\/p>\n\t\t\t\t\t\t\t<\/div>\n\t\t<\/div>\n\t<\/div>\n\t\t\t\t\t<\/div>\n\t\t\t\t<\/div>\n\t\t\t\t\t<\/div>\n\t\t<\/div>\n\t\t\t\t<div class=\"elementor-column elementor-col-25 elementor-top-column elementor-element elementor-element-4c608781\" data-id=\"4c608781\" data-element_type=\"column\" data-e-type=\"column\">\n\t\t\t<div class=\"elementor-widget-wrap elementor-element-populated\">\n\t\t\t\t\t\t<div class=\"elementor-element elementor-element-259ce7c8 eael-team-align-centered elementor-widget elementor-widget-eael-team-member\" data-id=\"259ce7c8\" data-element_type=\"widget\" data-e-type=\"widget\" data-widget_type=\"eael-team-member.default\">\n\t\t\t\t<div class=\"elementor-widget-container\">\n\t\t\t\t\t\n\n\t<div id=\"eael-team-member-259ce7c8\" class=\"eael-team-item eael-team-members-overlay \">\n\t\t<div class=\"eael-team-item-inner\">\n\t\t\t<div class=\"eael-team-image\">\n\t\t\t\t<figure>\n\t\t\t\t\t\t\t\t\t\t<img decoding=\"async\" src=\"https:\/\/gaudeamusprojecta.dissenygrafic.org\/wp-content\/uploads\/2022\/09\/0018_Maria-mazariego.jpg\" alt=\"\">\n\t\t\t\t\t\t\t\t\t<\/figure>\n\t\t\t\t\n\t\t\t\t\n\t\t\t<\/div>\n\n\t\t\t<div class=\"eael-team-content\">\n\t\t\t\t<h2 class=\"eael-team-member-name\">Mazariego Povedano, Mar\u00eda <\/h2><h3 class=\"eael-team-member-position\">Ruga<\/h3>\n\t\t\t\t\t\t\t\t\t\t\t\t\t\t<p class=\"eael-team-text\">Tutorizado por: Montse Sayol <br>\nCentro: ESDAPC<\/p>\n\t\t\t\t\t\t\t<\/div>\n\t\t<\/div>\n\t<\/div>\n\t\t\t\t\t<\/div>\n\t\t\t\t<\/div>\n\t\t\t\t\t<\/div>\n\t\t<\/div>\n\t\t\t\t<div class=\"elementor-column elementor-col-25 elementor-top-column elementor-element elementor-element-44ec01c5\" data-id=\"44ec01c5\" data-element_type=\"column\" data-e-type=\"column\">\n\t\t\t<div class=\"elementor-widget-wrap elementor-element-populated\">\n\t\t\t\t\t\t<div class=\"elementor-element elementor-element-40a9ade1 eael-team-align-centered elementor-widget elementor-widget-eael-team-member\" data-id=\"40a9ade1\" data-element_type=\"widget\" data-e-type=\"widget\" data-widget_type=\"eael-team-member.default\">\n\t\t\t\t<div class=\"elementor-widget-container\">\n\t\t\t\t\t\n\n\t<div id=\"eael-team-member-40a9ade1\" class=\"eael-team-item eael-team-members-overlay \">\n\t\t<div class=\"eael-team-item-inner\">\n\t\t\t<div class=\"eael-team-image\">\n\t\t\t\t<figure>\n\t\t\t\t\t\t\t\t\t\t<img decoding=\"async\" src=\"https:\/\/gaudeamusprojecta.dissenygrafic.org\/wp-content\/uploads\/2022\/09\/0017_Marc_mencio.jpg\" alt=\"\">\n\t\t\t\t\t\t\t\t\t<\/figure>\n\t\t\t\t\n\t\t\t\t\n\t\t\t<\/div>\n\n\t\t\t<div class=\"eael-team-content\">\n\t\t\t\t<h2 class=\"eael-team-member-name\">Menci\u00f3 i Domingo, Marc<\/h2><h3 class=\"eael-team-member-position\"> Laboratori de captcha<\/h3>\n\t\t\t\t\t\t\t\t\t\t\t\t\t\t<p class=\"eael-team-text\">Tutorizado por: Pilar Gorriz Valverde i Eul\u00e0lia Clos Hern\u00e1ndez <br>\nCentro: EINA<\/p>\n\t\t\t\t\t\t\t<\/div>\n\t\t<\/div>\n\t<\/div>\n\t\t\t\t\t<\/div>\n\t\t\t\t<\/div>\n\t\t\t\t\t<\/div>\n\t\t<\/div>\n\t\t\t\t\t<\/div>\n\t\t<\/section>\n\t\t\t\t<section class=\"elementor-section elementor-top-section elementor-element elementor-element-29814f69 elementor-section-boxed elementor-section-height-default elementor-section-height-default\" data-id=\"29814f69\" data-element_type=\"section\" data-e-type=\"section\">\n\t\t\t\t\t\t<div class=\"elementor-container elementor-column-gap-default\">\n\t\t\t\t\t<div class=\"elementor-column elementor-col-25 elementor-top-column elementor-element elementor-element-5cfa9c1d\" data-id=\"5cfa9c1d\" data-element_type=\"column\" data-e-type=\"column\">\n\t\t\t<div class=\"elementor-widget-wrap elementor-element-populated\">\n\t\t\t\t\t\t<div class=\"elementor-element elementor-element-50a92b3f eael-team-align-centered elementor-widget elementor-widget-eael-team-member\" data-id=\"50a92b3f\" data-element_type=\"widget\" data-e-type=\"widget\" data-widget_type=\"eael-team-member.default\">\n\t\t\t\t<div class=\"elementor-widget-container\">\n\t\t\t\t\t\n\n\t<div id=\"eael-team-member-50a92b3f\" class=\"eael-team-item eael-team-members-overlay \">\n\t\t<div class=\"eael-team-item-inner\">\n\t\t\t<div class=\"eael-team-image\">\n\t\t\t\t<figure>\n\t\t\t\t\t\t\t\t\t\t<img decoding=\"async\" src=\"https:\/\/gaudeamusprojecta.dissenygrafic.org\/wp-content\/uploads\/2022\/09\/0003_Marina-Munoz.jpg\" alt=\"\">\n\t\t\t\t\t\t\t\t\t<\/figure>\n\t\t\t\t\n\t\t\t\t\n\t\t\t<\/div>\n\n\t\t\t<div class=\"eael-team-content\">\n\t\t\t\t<h2 class=\"eael-team-member-name\">Mu\u00f1oz Monta\u00f1ola, Marina <\/h2><h3 class=\"eael-team-member-position\">Arxiu de g\u00e8nere<\/h3>\n\t\t\t\t\t\t\t\t\t\t\t\t\t\t<p class=\"eael-team-text\">Tutorizado por: Roc Albalat <br>\nCentro: BAU<\/p>\n\t\t\t\t\t\t\t<\/div>\n\t\t<\/div>\n\t<\/div>\n\t\t\t\t\t<\/div>\n\t\t\t\t<\/div>\n\t\t\t\t\t<\/div>\n\t\t<\/div>\n\t\t\t\t<div class=\"elementor-column elementor-col-25 elementor-top-column elementor-element elementor-element-c156c80\" data-id=\"c156c80\" data-element_type=\"column\" data-e-type=\"column\">\n\t\t\t<div class=\"elementor-widget-wrap elementor-element-populated\">\n\t\t\t\t\t\t<div class=\"elementor-element elementor-element-29117ac5 eael-team-align-centered elementor-widget elementor-widget-eael-team-member\" data-id=\"29117ac5\" data-element_type=\"widget\" data-e-type=\"widget\" data-widget_type=\"eael-team-member.default\">\n\t\t\t\t<div class=\"elementor-widget-container\">\n\t\t\t\t\t\n\n\t<div id=\"eael-team-member-29117ac5\" class=\"eael-team-item eael-team-members-overlay \">\n\t\t<div class=\"eael-team-item-inner\">\n\t\t\t<div class=\"eael-team-image\">\n\t\t\t\t<figure>\n\t\t\t\t\t\t\t\t\t\t<img decoding=\"async\" src=\"https:\/\/gaudeamusprojecta.dissenygrafic.org\/wp-content\/uploads\/2022\/09\/0020_Lucia_Peralta.jpg\" alt=\"\">\n\t\t\t\t\t\t\t\t\t<\/figure>\n\t\t\t\t\n\t\t\t\t\n\t\t\t<\/div>\n\n\t\t\t<div class=\"eael-team-content\">\n\t\t\t\t<h2 class=\"eael-team-member-name\">Peralta Gonz\u00e1lez, Lucia <\/h2><h3 class=\"eael-team-member-position\">Las Veras<\/h3>\n\t\t\t\t\t\t\t\t\t\t\t\t\t\t<p class=\"eael-team-text\">Tutorizado por: Juan Carlos Gauli <br>\nCentro: ESNE<\/p>\n\t\t\t\t\t\t\t<\/div>\n\t\t<\/div>\n\t<\/div>\n\t\t\t\t\t<\/div>\n\t\t\t\t<\/div>\n\t\t\t\t\t<\/div>\n\t\t<\/div>\n\t\t\t\t<div class=\"elementor-column elementor-col-25 elementor-top-column elementor-element elementor-element-7b9e3c58\" data-id=\"7b9e3c58\" data-element_type=\"column\" data-e-type=\"column\">\n\t\t\t<div class=\"elementor-widget-wrap elementor-element-populated\">\n\t\t\t\t\t\t<div class=\"elementor-element elementor-element-1df34776 eael-team-align-centered elementor-widget elementor-widget-eael-team-member\" data-id=\"1df34776\" data-element_type=\"widget\" data-e-type=\"widget\" data-widget_type=\"eael-team-member.default\">\n\t\t\t\t<div class=\"elementor-widget-container\">\n\t\t\t\t\t\n\n\t<div id=\"eael-team-member-1df34776\" class=\"eael-team-item eael-team-members-overlay \">\n\t\t<div class=\"eael-team-item-inner\">\n\t\t\t<div class=\"eael-team-image\">\n\t\t\t\t<figure>\n\t\t\t\t\t\t\t\t\t\t<img decoding=\"async\" src=\"https:\/\/gaudeamusprojecta.dissenygrafic.org\/wp-content\/uploads\/2022\/09\/0006_Gisela-Povea.jpg\" alt=\"\">\n\t\t\t\t\t\t\t\t\t<\/figure>\n\t\t\t\t\n\t\t\t\t\n\t\t\t<\/div>\n\n\t\t\t<div class=\"eael-team-content\">\n\t\t\t\t<h2 class=\"eael-team-member-name\">Povea Sabio, Gisela <\/h2><h3 class=\"eael-team-member-position\">( C ) olor<\/h3>\n\t\t\t\t\t\t\t\t\t\t\t\t\t\t<p class=\"eael-team-text\">Tutorizado por: Sergi Gal\u00e1n <br>\nCentro: ESDAPC<\/p>\n\t\t\t\t\t\t\t<\/div>\n\t\t<\/div>\n\t<\/div>\n\t\t\t\t\t<\/div>\n\t\t\t\t<\/div>\n\t\t\t\t\t<\/div>\n\t\t<\/div>\n\t\t\t\t<div class=\"elementor-column elementor-col-25 elementor-top-column elementor-element elementor-element-34eae98\" data-id=\"34eae98\" data-element_type=\"column\" data-e-type=\"column\">\n\t\t\t<div class=\"elementor-widget-wrap elementor-element-populated\">\n\t\t\t\t\t\t<div class=\"elementor-element elementor-element-3b9ce37e eael-team-align-centered elementor-widget elementor-widget-eael-team-member\" data-id=\"3b9ce37e\" data-element_type=\"widget\" data-e-type=\"widget\" data-widget_type=\"eael-team-member.default\">\n\t\t\t\t<div class=\"elementor-widget-container\">\n\t\t\t\t\t\n\n\t<div id=\"eael-team-member-3b9ce37e\" class=\"eael-team-item eael-team-members-overlay \">\n\t\t<div class=\"eael-team-item-inner\">\n\t\t\t<div class=\"eael-team-image\">\n\t\t\t\t<figure>\n\t\t\t\t\t\t\t\t\t\t<img decoding=\"async\" src=\"https:\/\/gaudeamusprojecta.dissenygrafic.org\/wp-content\/uploads\/2022\/09\/0005_Queralt-Samaniego.jpg\" alt=\"\">\n\t\t\t\t\t\t\t\t\t<\/figure>\n\t\t\t\t\n\t\t\t\t\n\t\t\t<\/div>\n\n\t\t\t<div class=\"eael-team-content\">\n\t\t\t\t<h2 class=\"eael-team-member-name\">Samaniego Cruz, Queralt <\/h2><h3 class=\"eael-team-member-position\"> An ugly and smelly truth<\/h3>\n\t\t\t\t\t\t\t\t\t\t\t\t\t\t<p class=\"eael-team-text\">Tutorizado por: M\u00f2nica Mestanza Garcia <br>\nCentro: BAU<\/p>\n\t\t\t\t\t\t\t<\/div>\n\t\t<\/div>\n\t<\/div>\n\t\t\t\t\t<\/div>\n\t\t\t\t<\/div>\n\t\t\t\t\t<\/div>\n\t\t<\/div>\n\t\t\t\t\t<\/div>\n\t\t<\/section>\n\t\t\t\t<section class=\"elementor-section elementor-top-section elementor-element elementor-element-adb23f7 elementor-section-boxed elementor-section-height-default elementor-section-height-default\" data-id=\"adb23f7\" data-element_type=\"section\" data-e-type=\"section\">\n\t\t\t\t\t\t<div class=\"elementor-container elementor-column-gap-default\">\n\t\t\t\t\t<div class=\"elementor-column elementor-col-25 elementor-top-column elementor-element elementor-element-66b50f29\" data-id=\"66b50f29\" data-element_type=\"column\" data-e-type=\"column\">\n\t\t\t<div class=\"elementor-widget-wrap elementor-element-populated\">\n\t\t\t\t\t\t<div class=\"elementor-element elementor-element-3c087e8f eael-team-align-centered elementor-widget elementor-widget-eael-team-member\" data-id=\"3c087e8f\" data-element_type=\"widget\" data-e-type=\"widget\" data-widget_type=\"eael-team-member.default\">\n\t\t\t\t<div class=\"elementor-widget-container\">\n\t\t\t\t\t\n\n\t<div id=\"eael-team-member-3c087e8f\" class=\"eael-team-item eael-team-members-overlay \">\n\t\t<div class=\"eael-team-item-inner\">\n\t\t\t<div class=\"eael-team-image\">\n\t\t\t\t<figure>\n\t\t\t\t\t\t\t\t\t\t<img decoding=\"async\" src=\"https:\/\/gaudeamusprojecta.dissenygrafic.org\/wp-content\/uploads\/2022\/09\/0007_Ariadna-Sanchez.jpg\" alt=\"\">\n\t\t\t\t\t\t\t\t\t<\/figure>\n\t\t\t\t\n\t\t\t\t\n\t\t\t<\/div>\n\n\t\t\t<div class=\"eael-team-content\">\n\t\t\t\t<h2 class=\"eael-team-member-name\">S\u00e1nchez Mart\u00ednez, Ariadna <\/h2><h3 class=\"eael-team-member-position\">Simei<\/h3>\n\t\t\t\t\t\t\t\t\t\t\t\t\t\t<p class=\"eael-team-text\">Tutorizado por: David Torrents <br>\nCentro: BAU<\/p>\n\t\t\t\t\t\t\t<\/div>\n\t\t<\/div>\n\t<\/div>\n\t\t\t\t\t<\/div>\n\t\t\t\t<\/div>\n\t\t\t\t\t<\/div>\n\t\t<\/div>\n\t\t\t\t<div class=\"elementor-column elementor-col-25 elementor-top-column elementor-element elementor-element-5b341f3f\" data-id=\"5b341f3f\" data-element_type=\"column\" data-e-type=\"column\">\n\t\t\t<div class=\"elementor-widget-wrap elementor-element-populated\">\n\t\t\t\t\t\t<div class=\"elementor-element elementor-element-65f16d0f eael-team-align-centered elementor-widget elementor-widget-eael-team-member\" data-id=\"65f16d0f\" data-element_type=\"widget\" data-e-type=\"widget\" data-widget_type=\"eael-team-member.default\">\n\t\t\t\t<div class=\"elementor-widget-container\">\n\t\t\t\t\t\n\n\t<div id=\"eael-team-member-65f16d0f\" class=\"eael-team-item eael-team-members-overlay \">\n\t\t<div class=\"eael-team-item-inner\">\n\t\t\t<div class=\"eael-team-image\">\n\t\t\t\t<figure>\n\t\t\t\t\t\t\t\t\t\t<img decoding=\"async\" src=\"https:\/\/gaudeamusprojecta.dissenygrafic.org\/wp-content\/uploads\/2022\/09\/0021_Elena_Tora.jpg\" alt=\"\">\n\t\t\t\t\t\t\t\t\t<\/figure>\n\t\t\t\t\n\t\t\t\t\n\t\t\t<\/div>\n\n\t\t\t<div class=\"eael-team-content\">\n\t\t\t\t<h2 class=\"eael-team-member-name\">Tor\u00e0 Navarro, Elena <\/h2><h3 class=\"eael-team-member-position\">Clorofil\u00b7la<\/h3>\n\t\t\t\t\t\t\t\t\t\t\t\t\t\t<p class=\"eael-team-text\">Tutorizado por: Jes\u00fas Fari\u00f1as <br>\nCentro: Universitat de Barcelona<\/p>\n\t\t\t\t\t\t\t<\/div>\n\t\t<\/div>\n\t<\/div>\n\t\t\t\t\t<\/div>\n\t\t\t\t<\/div>\n\t\t\t\t\t<\/div>\n\t\t<\/div>\n\t\t\t\t<div class=\"elementor-column elementor-col-25 elementor-top-column elementor-element elementor-element-22d4a5ad\" data-id=\"22d4a5ad\" data-element_type=\"column\" data-e-type=\"column\">\n\t\t\t<div class=\"elementor-widget-wrap elementor-element-populated\">\n\t\t\t\t\t\t<div class=\"elementor-element elementor-element-53abe098 eael-team-align-centered elementor-widget elementor-widget-eael-team-member\" data-id=\"53abe098\" data-element_type=\"widget\" data-e-type=\"widget\" data-widget_type=\"eael-team-member.default\">\n\t\t\t\t<div class=\"elementor-widget-container\">\n\t\t\t\t\t\n\n\t<div id=\"eael-team-member-53abe098\" class=\"eael-team-item eael-team-members-overlay \">\n\t\t<div class=\"eael-team-item-inner\">\n\t\t\t<div class=\"eael-team-image\">\n\t\t\t\t<figure>\n\t\t\t\t\t\t\t\t\t\t<img decoding=\"async\" src=\"https:\/\/gaudeamusprojecta.dissenygrafic.org\/wp-content\/uploads\/2022\/09\/0022_Jorge_Vega.jpg\" alt=\"\">\n\t\t\t\t\t\t\t\t\t<\/figure>\n\t\t\t\t\n\t\t\t\t\n\t\t\t<\/div>\n\n\t\t\t<div class=\"eael-team-content\">\n\t\t\t\t<h2 class=\"eael-team-member-name\">Vega Curiel, Jorge <\/h2><h3 class=\"eael-team-member-position\"> Mendoza<\/h3>\n\t\t\t\t\t\t\t\t\t\t\t\t\t\t<p class=\"eael-team-text\">Tutorizado por: Juan Carlos Gauli <br>\nCentro: ESNE<\/p>\n\t\t\t\t\t\t\t<\/div>\n\t\t<\/div>\n\t<\/div>\n\t\t\t\t\t<\/div>\n\t\t\t\t<\/div>\n\t\t\t\t\t<\/div>\n\t\t<\/div>\n\t\t\t\t<div class=\"elementor-column elementor-col-25 elementor-top-column elementor-element elementor-element-75b43fd2\" data-id=\"75b43fd2\" data-element_type=\"column\" data-e-type=\"column\">\n\t\t\t<div class=\"elementor-widget-wrap elementor-element-populated\">\n\t\t\t\t\t\t<div class=\"elementor-element elementor-element-23641731 eael-team-align-centered elementor-widget elementor-widget-eael-team-member\" data-id=\"23641731\" data-element_type=\"widget\" data-e-type=\"widget\" data-widget_type=\"eael-team-member.default\">\n\t\t\t\t<div class=\"elementor-widget-container\">\n\t\t\t\t\t\n\n\t<div id=\"eael-team-member-23641731\" class=\"eael-team-item eael-team-members-overlay \">\n\t\t<div class=\"eael-team-item-inner\">\n\t\t\t<div class=\"eael-team-image\">\n\t\t\t\t<figure>\n\t\t\t\t\t\t\t\t\t\t<img decoding=\"async\" src=\"https:\/\/gaudeamusprojecta.dissenygrafic.org\/wp-content\/uploads\/2022\/09\/0014_Anna-Virgili.jpg\" alt=\"\">\n\t\t\t\t\t\t\t\t\t<\/figure>\n\t\t\t\t\n\t\t\t\t\n\t\t\t<\/div>\n\n\t\t\t<div class=\"eael-team-content\">\n\t\t\t\t<h2 class=\"eael-team-member-name\">Virgili Marc\u00f3, Anna<\/h2><h3 class=\"eael-team-member-position\">Jo tamb\u00e9 s\u00f3c Marimacho<\/h3>\n\t\t\t\t\t\t\t\t\t\t\t\t\t\t<p class=\"eael-team-text\">Tutorizado por: Xavier Alamany <br>\nCentro: ESDAPC<\/p>\n\t\t\t\t\t\t\t<\/div>\n\t\t<\/div>\n\t<\/div>\n\t\t\t\t\t<\/div>\n\t\t\t\t<\/div>\n\t\t\t\t\t<\/div>\n\t\t<\/div>\n\t\t\t\t\t<\/div>\n\t\t<\/section>\n\t\t\t\t<section class=\"elementor-section elementor-top-section elementor-element elementor-element-562031bf elementor-section-boxed elementor-section-height-default elementor-section-height-default\" data-id=\"562031bf\" data-element_type=\"section\" data-e-type=\"section\" data-settings=\"{&quot;background_background&quot;:&quot;classic&quot;}\">\n\t\t\t\t\t\t<div class=\"elementor-container elementor-column-gap-no\">\n\t\t\t\t\t<div class=\"elementor-column elementor-col-100 elementor-top-column elementor-element elementor-element-5cd8c729\" data-id=\"5cd8c729\" data-element_type=\"column\" data-e-type=\"column\">\n\t\t\t<div class=\"elementor-widget-wrap elementor-element-populated\">\n\t\t\t\t\t\t<section class=\"elementor-section elementor-inner-section elementor-element elementor-element-64bc047c elementor-section-boxed elementor-section-height-default elementor-section-height-default\" data-id=\"64bc047c\" data-element_type=\"section\" data-e-type=\"section\">\n\t\t\t\t\t\t<div class=\"elementor-container elementor-column-gap-no\">\n\t\t\t\t\t<div class=\"elementor-column elementor-col-100 elementor-inner-column elementor-element elementor-element-756bff1a\" data-id=\"756bff1a\" data-element_type=\"column\" data-e-type=\"column\">\n\t\t\t<div class=\"elementor-widget-wrap elementor-element-populated\">\n\t\t\t\t\t\t<div class=\"elementor-element elementor-element-7a085309 elementor-widget elementor-widget-text-editor\" data-id=\"7a085309\" data-element_type=\"widget\" data-e-type=\"widget\" data-widget_type=\"text-editor.default\">\n\t\t\t\t<div class=\"elementor-widget-container\">\n\t\t\t\t\t\t\t\t\t<h4>Enhorabuena a todos los seleccionados y muchas gracias a todos los que participasteis para compartir y permitirnos disfrutar de vuestros proyectos.<\/h4>\n<p>Te recomendamos y animamos que nos sigas en <a href=\"https:\/\/www.instagram.com\/gaudeamus_projecta\/\" target=\"_blank\" rel=\"noopener\"><u>Instagram<\/u>,<\/a> <u><a href=\"https:\/\/www.facebook.com\/gaudeamusPROJECTA\" target=\"_blank\" rel=\"noopener\">Facebook<\/a><\/u> y <u><a href=\"https:\/\/twitter.com\/dissenygrafic\" target=\"_blank\" rel=\"noopener\">Twitter<\/a><\/u>, sin olvidarte de la suscripci\u00f3n a nuestro canal de <u><a href=\"https:\/\/www.youtube.com\/c\/dissenygrafic\" target=\"_blank\" rel=\"noopener\">Youtube<\/a><\/u>.<\/p>\n<p>Permaneced atentos a las publicaciones!<\/p>\n<div><span style=\"color: #1a1a1a; font-family: Poppins, sans-serif; font-size: 1.41176rem; font-weight: 400;\">Te esperamos el 5 de octubre en Barcelona! <br \/><\/span><\/div>\n<div>\n<p>Muy pronto haremos p\u00fablica la localizaci\u00f3n del acontecimiento.<\/p>\n<\/div>\n<div>\n<h4 style=\"font-size: 1.41176rem; font-style: italic;\"> <\/h4>\n<\/div>\n\t\t\t\t\t\t\t\t<\/div>\n\t\t\t\t<\/div>\n\t\t\t\t\t<\/div>\n\t\t<\/div>\n\t\t\t\t\t<\/div>\n\t\t<\/section>\n\t\t\t\t\t<\/div>\n\t\t<\/div>\n\t\t\t\t\t<\/div>\n\t\t<\/section>\n\t\t\t\t<section class=\"elementor-section elementor-top-section elementor-element elementor-element-62fbb5f0 elementor-section-boxed elementor-section-height-default elementor-section-height-default\" data-id=\"62fbb5f0\" data-element_type=\"section\" data-e-type=\"section\" data-settings=\"{&quot;background_background&quot;:&quot;classic&quot;}\">\n\t\t\t\t\t\t<div class=\"elementor-container elementor-column-gap-no\">\n\t\t\t\t\t<div class=\"elementor-column elementor-col-100 elementor-top-column elementor-element elementor-element-14da58b8\" data-id=\"14da58b8\" data-element_type=\"column\" data-e-type=\"column\">\n\t\t\t<div class=\"elementor-widget-wrap elementor-element-populated\">\n\t\t\t\t\t\t<div class=\"elementor-element elementor-element-60b2ce63 elementor-widget elementor-widget-heading\" data-id=\"60b2ce63\" data-element_type=\"widget\" data-e-type=\"widget\" data-widget_type=\"heading.default\">\n\t\t\t\t<div class=\"elementor-widget-container\">\n\t\t\t\t\t<h3 class=\"elementor-heading-title elementor-size-default\">Noticias relacionadas<\/h3>\t\t\t\t<\/div>\n\t\t\t\t<\/div>\n\t\t\t\t<div class=\"elementor-element elementor-element-4707e7e8 elementor-grid-eael-col-3 elementor-grid-tablet-eael-col-2 elementor-grid-mobile-eael-col-1 elementor-widget elementor-widget-eael-post-grid\" data-id=\"4707e7e8\" data-element_type=\"widget\" data-e-type=\"widget\" data-settings=\"{&quot;eael_post_grid_columns&quot;:&quot;eael-col-3&quot;,&quot;eael_post_grid_columns_tablet&quot;:&quot;eael-col-2&quot;,&quot;eael_post_grid_columns_mobile&quot;:&quot;eael-col-1&quot;}\" data-widget_type=\"eael-post-grid.default\">\n\t\t\t\t<div class=\"elementor-widget-container\">\n\t\t\t\t\t<div id=\"eael-post-grid-4707e7e8\" class=\"eael-post-grid-container\">\n            <div class=\"eael-post-grid eael-post-appender eael-post-appender-4707e7e8 eael-post-grid-style-one\" data-layout-mode=\"masonry\"><article class=\"eael-grid-post  eael-post-grid-column eael-pg-post-17655 category-noticias\" data-id=\"17655\">\n        <div class=\"eael-grid-post-holder\">\n            <div class=\"eael-grid-post-holder-inner\"><div class=\"eael-entry-media\"><div class=\"eael-entry-overlay fade-in\"><i class=\"fas fa-long-arrow-alt-right\" aria-hidden=\"true\"><\/i><a href=\"https:\/\/gaudeamusprojecta.dissenygrafic.org\/es\/open-call-gaudeamusprojecta-9a-ed\/\"><\/a><\/div><div class=\"eael-entry-thumbnail \">\n                <img fetchpriority=\"high\" decoding=\"async\" width=\"300\" height=\"169\" src=\"https:\/\/gaudeamusprojecta.dissenygrafic.org\/wp-content\/uploads\/2025\/10\/gP9_KeyVisual_general-300x169.jpg\" class=\"attachment-medium size-medium wp-image-17647\" alt=\"\" srcset=\"https:\/\/gaudeamusprojecta.dissenygrafic.org\/wp-content\/uploads\/2025\/10\/gP9_KeyVisual_general-300x169.jpg 300w, https:\/\/gaudeamusprojecta.dissenygrafic.org\/wp-content\/uploads\/2025\/10\/gP9_KeyVisual_general-768x432.jpg 768w, https:\/\/gaudeamusprojecta.dissenygrafic.org\/wp-content\/uploads\/2025\/10\/gP9_KeyVisual_general.jpg 1000w\" sizes=\"(max-width: 300px) 100vw, 300px\" \/>\n            <\/div>\n        <\/div><div class=\"eael-entry-wrapper\"><header class=\"eael-entry-header\"><h2 class=\"eael-entry-title\"><a class=\"eael-grid-post-link\" href=\"https:\/\/gaudeamusprojecta.dissenygrafic.org\/es\/open-call-gaudeamusprojecta-9a-ed\/\" title=\"OPEN CALL gaudeamusProjecta 9\u00aa ED\">OPEN CALL gaudeamusProjecta 9\u00aa ED<\/a><\/h2><\/header><div class=\"eael-entry-content\">\n                        <div class=\"eael-grid-post-excerpt\"><a href=\"https:\/\/gaudeamusprojecta.dissenygrafic.org\/es\/open-call-gaudeamusprojecta-9a-ed\/\" class=\"eael-post-elements-readmore-btn\">Leer m\u00e1s<\/a><\/div>\n                    <\/div><div class=\"eael-entry-footer\"><div class=\"eael-author-avatar\"><a href=\"https:\/\/gaudeamusprojecta.dissenygrafic.org\/es\/author\/projectes\/\"><\/a><\/div><div class=\"eael-entry-meta\"><\/div><\/div><\/div><\/div>\n        <\/div>\n    <\/article><article class=\"eael-grid-post  eael-post-grid-column eael-pg-post-17494 category-noticias\" data-id=\"17494\">\n        <div class=\"eael-grid-post-holder\">\n            <div class=\"eael-grid-post-holder-inner\"><div class=\"eael-entry-media\"><div class=\"eael-entry-overlay fade-in\"><i class=\"fas fa-long-arrow-alt-right\" aria-hidden=\"true\"><\/i><a href=\"https:\/\/gaudeamusprojecta.dissenygrafic.org\/es\/cronica-de-la-ceremonia-de-la-8a-edicion-de-los-premios-gaudeamusprojecta\/\"><\/a><\/div><div class=\"eael-entry-thumbnail \">\n                <img decoding=\"async\" width=\"300\" height=\"169\" src=\"https:\/\/gaudeamusprojecta.dissenygrafic.org\/wp-content\/uploads\/2025\/06\/gP8_Foto_final-300x169.jpg\" class=\"attachment-medium size-medium wp-image-17349\" alt=\"\" srcset=\"https:\/\/gaudeamusprojecta.dissenygrafic.org\/wp-content\/uploads\/2025\/06\/gP8_Foto_final-300x169.jpg 300w, https:\/\/gaudeamusprojecta.dissenygrafic.org\/wp-content\/uploads\/2025\/06\/gP8_Foto_final-1024x576.jpg 1024w, https:\/\/gaudeamusprojecta.dissenygrafic.org\/wp-content\/uploads\/2025\/06\/gP8_Foto_final-768x432.jpg 768w, https:\/\/gaudeamusprojecta.dissenygrafic.org\/wp-content\/uploads\/2025\/06\/gP8_Foto_final.jpg 1280w\" sizes=\"(max-width: 300px) 100vw, 300px\" \/>\n            <\/div>\n        <\/div><div class=\"eael-entry-wrapper\"><header class=\"eael-entry-header\"><h2 class=\"eael-entry-title\"><a class=\"eael-grid-post-link\" href=\"https:\/\/gaudeamusprojecta.dissenygrafic.org\/es\/cronica-de-la-ceremonia-de-la-8a-edicion-de-los-premios-gaudeamusprojecta\/\" title=\"Cr\u00f3nica de la ceremonia de la 8\u00aa edici\u00f3n de los premios gaudeamusPROJECTA\">Cr\u00f3nica de la ceremonia de la 8\u00aa edici\u00f3n de los premios gaudeamusPROJECTA<\/a><\/h2><\/header><div class=\"eael-entry-content\">\n                        <div class=\"eael-grid-post-excerpt\"><a href=\"https:\/\/gaudeamusprojecta.dissenygrafic.org\/es\/cronica-de-la-ceremonia-de-la-8a-edicion-de-los-premios-gaudeamusprojecta\/\" class=\"eael-post-elements-readmore-btn\">Leer m\u00e1s<\/a><\/div>\n                    <\/div><div class=\"eael-entry-footer\"><div class=\"eael-author-avatar\"><a href=\"https:\/\/gaudeamusprojecta.dissenygrafic.org\/es\/author\/projectes\/\"><\/a><\/div><div class=\"eael-entry-meta\"><\/div><\/div><\/div><\/div>\n        <\/div>\n    <\/article><article class=\"eael-grid-post  eael-post-grid-column eael-pg-post-17340 category-noticias\" data-id=\"17340\">\n        <div class=\"eael-grid-post-holder\">\n            <div class=\"eael-grid-post-holder-inner\"><div class=\"eael-entry-media\"><div class=\"eael-entry-overlay fade-in\"><i class=\"fas fa-long-arrow-alt-right\" aria-hidden=\"true\"><\/i><a href=\"https:\/\/gaudeamusprojecta.dissenygrafic.org\/es\/estos-son-los-proyectos-ganadores-de-la-8a-edicion-de-gaudeamusprojectaaquests-son-els-projectes-guanyadors-de-la-8a-edicio-dels-premis-gaudeamusprojecta\/\"><\/a><\/div><div class=\"eael-entry-thumbnail \">\n                <img decoding=\"async\" width=\"300\" height=\"169\" src=\"https:\/\/gaudeamusprojecta.dissenygrafic.org\/wp-content\/uploads\/2025\/06\/projectes_8ed-300x169.jpg\" class=\"attachment-medium size-medium wp-image-17333\" alt=\"\" srcset=\"https:\/\/gaudeamusprojecta.dissenygrafic.org\/wp-content\/uploads\/2025\/06\/projectes_8ed-300x169.jpg 300w, https:\/\/gaudeamusprojecta.dissenygrafic.org\/wp-content\/uploads\/2025\/06\/projectes_8ed-1024x576.jpg 1024w, https:\/\/gaudeamusprojecta.dissenygrafic.org\/wp-content\/uploads\/2025\/06\/projectes_8ed-768x432.jpg 768w, https:\/\/gaudeamusprojecta.dissenygrafic.org\/wp-content\/uploads\/2025\/06\/projectes_8ed.jpg 1280w\" sizes=\"(max-width: 300px) 100vw, 300px\" \/>\n            <\/div>\n        <\/div><div class=\"eael-entry-wrapper\"><header class=\"eael-entry-header\"><h2 class=\"eael-entry-title\"><a class=\"eael-grid-post-link\" href=\"https:\/\/gaudeamusprojecta.dissenygrafic.org\/es\/estos-son-los-proyectos-ganadores-de-la-8a-edicion-de-gaudeamusprojectaaquests-son-els-projectes-guanyadors-de-la-8a-edicio-dels-premis-gaudeamusprojecta\/\" title=\"Estos son los proyectos ganadores de la 8\u00aa edici\u00f3n de gaudeamusPROJECTA\">Estos son los proyectos ganadores de la 8\u00aa edici\u00f3n de gaudeamusPROJECTA<\/a><\/h2><\/header><div class=\"eael-entry-content\">\n                        <div class=\"eael-grid-post-excerpt\"><a href=\"https:\/\/gaudeamusprojecta.dissenygrafic.org\/es\/estos-son-los-proyectos-ganadores-de-la-8a-edicion-de-gaudeamusprojectaaquests-son-els-projectes-guanyadors-de-la-8a-edicio-dels-premis-gaudeamusprojecta\/\" class=\"eael-post-elements-readmore-btn\">Leer m\u00e1s<\/a><\/div>\n                    <\/div><div class=\"eael-entry-footer\"><div class=\"eael-author-avatar\"><a href=\"https:\/\/gaudeamusprojecta.dissenygrafic.org\/es\/author\/projectes\/\"><\/a><\/div><div class=\"eael-entry-meta\"><\/div><\/div><\/div><\/div>\n        <\/div>\n    <\/article><\/div>\n            <div class=\"clearfix\"><\/div>\n        <\/div>            <div class=\"eael-load-more-button-wrap eael-force-hide\">\n                <button class=\"eael-load-more-button\" id=\"eael-load-more-btn-4707e7e8\" data-widget-id=\"4707e7e8\" data-widget=\"4707e7e8\" data-page-id=\"8416\" data-template=\"{&quot;dir&quot;:&quot;lite&quot;,&quot;file_name&quot;:&quot;one.php&quot;,&quot;name&quot;:&quot;Post-Grid&quot;}\" data-class=\"Essential_Addons_Elementor\\Elements\\Post_Grid\" data-layout=\"masonry\" data-page=\"1\" data-args=\"orderby=date&amp;order=desc&amp;ignore_sticky_posts=1&amp;post_status=publish&amp;posts_per_page=3&amp;offset=0&amp;post_type=post&amp;tax_query%5B0%5D%5Btaxonomy%5D=category&amp;tax_query%5B0%5D%5Bfield%5D=term_id&amp;tax_query%5B0%5D%5Bterms%5D%5B0%5D=36&amp;tax_query%5Brelation%5D=AND\" data-max-page=\"16\">\n                    <span class=\"eael-btn-loader button__loader\"><\/span>\n                    <span class=\"eael_load_more_text\">Carregar m\u00e9s<\/span>\n                <\/button>\n            <\/div>\n            \t\t\t\t<\/div>\n\t\t\t\t<\/div>\n\t\t\t\t\t<\/div>\n\t\t<\/div>\n\t\t\t\t\t<\/div>\n\t\t<\/section>\n\t\t\t\t<section class=\"elementor-section elementor-top-section elementor-element elementor-element-4fc6933a elementor-section-boxed elementor-section-height-default elementor-section-height-default\" data-id=\"4fc6933a\" data-element_type=\"section\" data-e-type=\"section\" data-settings=\"{&quot;background_background&quot;:&quot;classic&quot;}\">\n\t\t\t\t\t\t<div class=\"elementor-container elementor-column-gap-default\">\n\t\t\t\t\t<div class=\"elementor-column elementor-col-100 elementor-top-column elementor-element elementor-element-86dcbe7\" data-id=\"86dcbe7\" data-element_type=\"column\" data-e-type=\"column\">\n\t\t\t<div class=\"elementor-widget-wrap elementor-element-populated\">\n\t\t\t\t\t\t<div class=\"elementor-element elementor-element-7349fa6 elementor-widget elementor-widget-heading\" data-id=\"7349fa6\" data-element_type=\"widget\" data-e-type=\"widget\" data-widget_type=\"heading.default\">\n\t\t\t\t<div class=\"elementor-widget-container\">\n\t\t\t\t\t<h4 class=\"elementor-heading-title elementor-size-default\"><div class=\"hfeed site\" id=\"page\"><div id=\"content\" class=\"site-content\"><div class=\"ast-container\"><div data-elementor-type=\"wp-post\" data-elementor-id=\"3709\" class=\"elementor elementor-3709\"><div class=\"elementor-inner\"><div class=\"elementor-section-wrap\"><section class=\"elementor-section elementor-top-section elementor-element elementor-element-4fc6933a elementor-section-boxed elementor-section-height-default elementor-section-height-default\" data-id=\"4fc6933a\" data-element_type=\"section\"><div class=\"elementor-container elementor-column-gap-default\"><div class=\"elementor-row\"><div class=\"elementor-column elementor-col-100 elementor-top-column elementor-element elementor-element-86dcbe7\" data-id=\"86dcbe7\" data-element_type=\"column\"><div class=\"elementor-column-wrap elementor-element-populated\"><div class=\"elementor-widget-wrap\"><div class=\"elementor-element elementor-element-7349fa6 elementor-widget elementor-widget-heading\" data-id=\"7349fa6\" data-element_type=\"widget\" data-widget_type=\"heading.default\"><div class=\"elementor-widget-container\"><h4 class=\"elementor-heading-title elementor-size-default\"><h4 class=\"elementor-heading-title elementor-size-default\">\u00danete a nuestro Newsletter<\/h4><\/h4><\/div><\/div><\/div><\/div><\/div><\/div><\/div><\/section><\/div><\/div><\/div><\/div><\/div><\/div><\/h4>\t\t\t\t<\/div>\n\t\t\t\t<\/div>\n\t\t\t\t<div class=\"elementor-element elementor-element-367b5962 elementor-align-center elementor-tablet-align-center elementor-mobile-align-center elementor-widget elementor-widget-button\" data-id=\"367b5962\" data-element_type=\"widget\" data-e-type=\"widget\" data-widget_type=\"button.default\">\n\t\t\t\t<div class=\"elementor-widget-container\">\n\t\t\t\t\t\t\t\t\t<div class=\"elementor-button-wrapper\">\n\t\t\t\t\t<a class=\"elementor-button elementor-button-link elementor-size-md\" href=\"http:\/\/eepurl.com\/dyFHkD\">\n\t\t\t\t\t\t<span class=\"elementor-button-content-wrapper\">\n\t\t\t\t\t\t\t\t\t<span class=\"elementor-button-text\">SUSCR\u00cdBETE<\/span>\n\t\t\t\t\t<\/span>\n\t\t\t\t\t<\/a>\n\t\t\t\t<\/div>\n\t\t\t\t\t\t\t\t<\/div>\n\t\t\t\t<\/div>\n\t\t\t\t\t<\/div>\n\t\t<\/div>\n\t\t\t\t\t<\/div>\n\t\t<\/section>\n\t\t\t\t<\/div>\n\t\t","protected":false},"excerpt":{"rendered":"<p>premios gaudeamus projecta 5\u00aa edici\u00f3n Ya tenemos a los 24 seleccionados de la 5\u00aa edici\u00f3n de los premios gaudeamusPROJECTA 29.07.22 Por fin ha llegado el d\u00eda, ya tenemos aqu\u00ed la lista de los 24 seleccionados de la 5\u00aa edici\u00f3n de los premios gaudeamusPROJECTA. Unos premios que reconocen y promueven la excelencia acad\u00e9mica de los proyectos [&hellip;]<\/p>\n","protected":false},"author":3,"featured_media":7914,"comment_status":"closed","ping_status":"closed","sticky":false,"template":"elementor_header_footer","format":"standard","meta":{"site-sidebar-layout":"default","site-content-layout":"default","ast-site-content-layout":"default","site-content-style":"default","site-sidebar-style":"default","ast-global-header-display":"","ast-banner-title-visibility":"","ast-main-header-display":"","ast-hfb-above-header-display":"","ast-hfb-below-header-display":"","ast-hfb-mobile-header-display":"","site-post-title":"","ast-breadcrumbs-content":"","ast-featured-img":"","footer-sml-layout":"","ast-disable-related-posts":"","theme-transparent-header-meta":"default","adv-header-id-meta":"","stick-header-meta":"","header-above-stick-meta":"","header-main-stick-meta":"","header-below-stick-meta":"","astra-migrate-meta-layouts":"default","ast-page-background-enabled":"default","ast-page-background-meta":{"desktop":{"background-color":"","background-image":"","background-repeat":"repeat","background-position":"center center","background-size":"auto","background-attachment":"scroll","background-type":"","background-media":"","overlay-type":"","overlay-color":"","overlay-opacity":"","overlay-gradient":""},"tablet":{"background-color":"","background-image":"","background-repeat":"repeat","background-position":"center center","background-size":"auto","background-attachment":"scroll","background-type":"","background-media":"","overlay-type":"","overlay-color":"","overlay-opacity":"","overlay-gradient":""},"mobile":{"background-color":"","background-image":"","background-repeat":"repeat","background-position":"center center","background-size":"auto","background-attachment":"scroll","background-type":"","background-media":"","overlay-type":"","overlay-color":"","overlay-opacity":"","overlay-gradient":""}},"ast-content-background-meta":{"desktop":{"background-color":"var(--ast-global-color-5)","background-image":"","background-repeat":"repeat","background-position":"center center","background-size":"auto","background-attachment":"scroll","background-type":"","background-media":"","overlay-type":"","overlay-color":"","overlay-opacity":"","overlay-gradient":""},"tablet":{"background-color":"var(--ast-global-color-5)","background-image":"","background-repeat":"repeat","background-position":"center center","background-size":"auto","background-attachment":"scroll","background-type":"","background-media":"","overlay-type":"","overlay-color":"","overlay-opacity":"","overlay-gradient":""},"mobile":{"background-color":"var(--ast-global-color-5)","background-image":"","background-repeat":"repeat","background-position":"center center","background-size":"auto","background-attachment":"scroll","background-type":"","background-media":"","overlay-type":"","overlay-color":"","overlay-opacity":"","overlay-gradient":""}},"footnotes":""},"categories":[129],"tags":[],"class_list":["post-8416","post","type-post","status-publish","format-standard","has-post-thumbnail","hentry","category-noticias"],"yoast_head":"<!-- This site is optimized with the Yoast SEO plugin v27.1.1 - https:\/\/yoast.com\/product\/yoast-seo-wordpress\/ -->\n<title>Ya tenemos a los 24 seleccionados de la 5\u00aa edici\u00f3n de los premios gaudeamusProjecta - gaudeamusProjecta<\/title>\n<meta name=\"description\" content=\"Ya tenemos la lista de los 24 seleccionados de la 5\u00aa edici\u00f3n de los premios gaudeamusPROJECTA.\" \/>\n<meta name=\"robots\" content=\"index, follow, max-snippet:-1, max-image-preview:large, max-video-preview:-1\" \/>\n<link rel=\"canonical\" href=\"https:\/\/gaudeamusprojecta.dissenygrafic.org\/es\/ya-tenemos-a-los-24-seleccionados-de-la-5a-edicion-de-los-premios-gaudeamusprojecta\/\" \/>\n<meta property=\"og:locale\" content=\"es_ES\" \/>\n<meta property=\"og:type\" content=\"article\" \/>\n<meta property=\"og:title\" content=\"Ya tenemos a los 24 seleccionados de la 5\u00aa edici\u00f3n de los premios gaudeamusProjecta - gaudeamusProjecta\" \/>\n<meta property=\"og:description\" content=\"Ya tenemos la lista de los 24 seleccionados de la 5\u00aa edici\u00f3n de los premios gaudeamusPROJECTA.\" \/>\n<meta property=\"og:url\" content=\"https:\/\/gaudeamusprojecta.dissenygrafic.org\/es\/ya-tenemos-a-los-24-seleccionados-de-la-5a-edicion-de-los-premios-gaudeamusprojecta\/\" \/>\n<meta property=\"og:site_name\" content=\"gaudeamusProjecta\" \/>\n<meta property=\"article:published_time\" content=\"2022-07-29T15:30:00+00:00\" \/>\n<meta property=\"article:modified_time\" content=\"2023-07-31T10:57:23+00:00\" \/>\n<meta property=\"og:image\" content=\"https:\/\/gaudeamusprojecta.dissenygrafic.org\/wp-content\/uploads\/2022\/07\/gP5ed_24_seleccionats-1024x576.jpg\" \/>\n<meta name=\"author\" content=\"Projectes\" \/>\n<meta name=\"twitter:card\" content=\"summary_large_image\" \/>\n<meta name=\"twitter:image\" content=\"https:\/\/gaudeamusprojecta.dissenygrafic.org\/wp-content\/uploads\/2022\/07\/gP5ed_24_seleccionats-1024x576.jpg\" \/>\n<meta name=\"twitter:label1\" content=\"Escrito por\" \/>\n\t<meta name=\"twitter:data1\" content=\"Projectes\" \/>\n\t<meta name=\"twitter:label2\" content=\"Tiempo de lectura\" \/>\n\t<meta name=\"twitter:data2\" content=\"3 minutos\" \/>\n<script type=\"application\/ld+json\" class=\"yoast-schema-graph\">{\"@context\":\"https:\/\/schema.org\",\"@graph\":[{\"@type\":\"Article\",\"@id\":\"https:\/\/gaudeamusprojecta.dissenygrafic.org\/es\/ya-tenemos-a-los-24-seleccionados-de-la-5a-edicion-de-los-premios-gaudeamusprojecta\/#article\",\"isPartOf\":{\"@id\":\"https:\/\/gaudeamusprojecta.dissenygrafic.org\/es\/ya-tenemos-a-los-24-seleccionados-de-la-5a-edicion-de-los-premios-gaudeamusprojecta\/\"},\"author\":{\"name\":\"Projectes\",\"@id\":\"https:\/\/gaudeamusprojecta.dissenygrafic.org\/es\/#\/schema\/person\/7db503d7cea7a2c1c7ef50867c203945\"},\"headline\":\"Ya tenemos a los 24 seleccionados de la 5\u00aa edici\u00f3n de los premios gaudeamusProjecta\",\"datePublished\":\"2022-07-29T15:30:00+00:00\",\"dateModified\":\"2023-07-31T10:57:23+00:00\",\"mainEntityOfPage\":{\"@id\":\"https:\/\/gaudeamusprojecta.dissenygrafic.org\/es\/ya-tenemos-a-los-24-seleccionados-de-la-5a-edicion-de-los-premios-gaudeamusprojecta\/\"},\"wordCount\":710,\"publisher\":{\"@id\":\"https:\/\/gaudeamusprojecta.dissenygrafic.org\/es\/#organization\"},\"image\":{\"@id\":\"https:\/\/gaudeamusprojecta.dissenygrafic.org\/es\/ya-tenemos-a-los-24-seleccionados-de-la-5a-edicion-de-los-premios-gaudeamusprojecta\/#primaryimage\"},\"thumbnailUrl\":\"https:\/\/gaudeamusprojecta.dissenygrafic.org\/wp-content\/uploads\/2022\/07\/gP5ed_24_seleccionats_02.jpg\",\"articleSection\":[\"Noticias (ESP)\"],\"inLanguage\":\"es\"},{\"@type\":\"WebPage\",\"@id\":\"https:\/\/gaudeamusprojecta.dissenygrafic.org\/es\/ya-tenemos-a-los-24-seleccionados-de-la-5a-edicion-de-los-premios-gaudeamusprojecta\/\",\"url\":\"https:\/\/gaudeamusprojecta.dissenygrafic.org\/es\/ya-tenemos-a-los-24-seleccionados-de-la-5a-edicion-de-los-premios-gaudeamusprojecta\/\",\"name\":\"Ya tenemos a los 24 seleccionados de la 5\u00aa edici\u00f3n de los premios gaudeamusProjecta - gaudeamusProjecta\",\"isPartOf\":{\"@id\":\"https:\/\/gaudeamusprojecta.dissenygrafic.org\/es\/#website\"},\"primaryImageOfPage\":{\"@id\":\"https:\/\/gaudeamusprojecta.dissenygrafic.org\/es\/ya-tenemos-a-los-24-seleccionados-de-la-5a-edicion-de-los-premios-gaudeamusprojecta\/#primaryimage\"},\"image\":{\"@id\":\"https:\/\/gaudeamusprojecta.dissenygrafic.org\/es\/ya-tenemos-a-los-24-seleccionados-de-la-5a-edicion-de-los-premios-gaudeamusprojecta\/#primaryimage\"},\"thumbnailUrl\":\"https:\/\/gaudeamusprojecta.dissenygrafic.org\/wp-content\/uploads\/2022\/07\/gP5ed_24_seleccionats_02.jpg\",\"datePublished\":\"2022-07-29T15:30:00+00:00\",\"dateModified\":\"2023-07-31T10:57:23+00:00\",\"description\":\"Ya tenemos la lista de los 24 seleccionados de la 5\u00aa edici\u00f3n de los premios gaudeamusPROJECTA.\",\"breadcrumb\":{\"@id\":\"https:\/\/gaudeamusprojecta.dissenygrafic.org\/es\/ya-tenemos-a-los-24-seleccionados-de-la-5a-edicion-de-los-premios-gaudeamusprojecta\/#breadcrumb\"},\"inLanguage\":\"es\",\"potentialAction\":[{\"@type\":\"ReadAction\",\"target\":[\"https:\/\/gaudeamusprojecta.dissenygrafic.org\/es\/ya-tenemos-a-los-24-seleccionados-de-la-5a-edicion-de-los-premios-gaudeamusprojecta\/\"]}]},{\"@type\":\"ImageObject\",\"inLanguage\":\"es\",\"@id\":\"https:\/\/gaudeamusprojecta.dissenygrafic.org\/es\/ya-tenemos-a-los-24-seleccionados-de-la-5a-edicion-de-los-premios-gaudeamusprojecta\/#primaryimage\",\"url\":\"https:\/\/gaudeamusprojecta.dissenygrafic.org\/wp-content\/uploads\/2022\/07\/gP5ed_24_seleccionats_02.jpg\",\"contentUrl\":\"https:\/\/gaudeamusprojecta.dissenygrafic.org\/wp-content\/uploads\/2022\/07\/gP5ed_24_seleccionats_02.jpg\",\"width\":800,\"height\":575},{\"@type\":\"BreadcrumbList\",\"@id\":\"https:\/\/gaudeamusprojecta.dissenygrafic.org\/es\/ya-tenemos-a-los-24-seleccionados-de-la-5a-edicion-de-los-premios-gaudeamusprojecta\/#breadcrumb\",\"itemListElement\":[{\"@type\":\"ListItem\",\"position\":1,\"name\":\"Portada\",\"item\":\"https:\/\/gaudeamusprojecta.dissenygrafic.org\/es\/\"},{\"@type\":\"ListItem\",\"position\":2,\"name\":\"Ya tenemos a los 24 seleccionados de la 5\u00aa edici\u00f3n de los premios gaudeamusProjecta\"}]},{\"@type\":\"WebSite\",\"@id\":\"https:\/\/gaudeamusprojecta.dissenygrafic.org\/es\/#website\",\"url\":\"https:\/\/gaudeamusprojecta.dissenygrafic.org\/es\/\",\"name\":\"gaudeamusProjecta\",\"description\":\"Premi Projecte Fi de Grau de Disseny Gr\u00e0fic\",\"publisher\":{\"@id\":\"https:\/\/gaudeamusprojecta.dissenygrafic.org\/es\/#organization\"},\"potentialAction\":[{\"@type\":\"SearchAction\",\"target\":{\"@type\":\"EntryPoint\",\"urlTemplate\":\"https:\/\/gaudeamusprojecta.dissenygrafic.org\/es\/?s={search_term_string}\"},\"query-input\":{\"@type\":\"PropertyValueSpecification\",\"valueRequired\":true,\"valueName\":\"search_term_string\"}}],\"inLanguage\":\"es\"},{\"@type\":\"Organization\",\"@id\":\"https:\/\/gaudeamusprojecta.dissenygrafic.org\/es\/#organization\",\"name\":\"gaudeamusProjecta\",\"url\":\"https:\/\/gaudeamusprojecta.dissenygrafic.org\/es\/\",\"logo\":{\"@type\":\"ImageObject\",\"inLanguage\":\"es\",\"@id\":\"https:\/\/gaudeamusprojecta.dissenygrafic.org\/es\/#\/schema\/logo\/image\/\",\"url\":\"https:\/\/gaudeamusprojecta.dissenygrafic.org\/wp-content\/uploads\/2020\/09\/cropped-gaudeamusprojecta_logo-1.png\",\"contentUrl\":\"https:\/\/gaudeamusprojecta.dissenygrafic.org\/wp-content\/uploads\/2020\/09\/cropped-gaudeamusprojecta_logo-1.png\",\"width\":220,\"height\":64,\"caption\":\"gaudeamusProjecta\"},\"image\":{\"@id\":\"https:\/\/gaudeamusprojecta.dissenygrafic.org\/es\/#\/schema\/logo\/image\/\"}},{\"@type\":\"Person\",\"@id\":\"https:\/\/gaudeamusprojecta.dissenygrafic.org\/es\/#\/schema\/person\/7db503d7cea7a2c1c7ef50867c203945\",\"name\":\"Projectes\",\"url\":\"https:\/\/gaudeamusprojecta.dissenygrafic.org\/es\/author\/projectes\/\"}]}<\/script>\n<!-- \/ Yoast SEO plugin. -->","yoast_head_json":{"title":"Ya tenemos a los 24 seleccionados de la 5\u00aa edici\u00f3n de los premios gaudeamusProjecta - gaudeamusProjecta","description":"Ya tenemos la lista de los 24 seleccionados de la 5\u00aa edici\u00f3n de los premios gaudeamusPROJECTA.","robots":{"index":"index","follow":"follow","max-snippet":"max-snippet:-1","max-image-preview":"max-image-preview:large","max-video-preview":"max-video-preview:-1"},"canonical":"https:\/\/gaudeamusprojecta.dissenygrafic.org\/es\/ya-tenemos-a-los-24-seleccionados-de-la-5a-edicion-de-los-premios-gaudeamusprojecta\/","og_locale":"es_ES","og_type":"article","og_title":"Ya tenemos a los 24 seleccionados de la 5\u00aa edici\u00f3n de los premios gaudeamusProjecta - gaudeamusProjecta","og_description":"Ya tenemos la lista de los 24 seleccionados de la 5\u00aa edici\u00f3n de los premios gaudeamusPROJECTA.","og_url":"https:\/\/gaudeamusprojecta.dissenygrafic.org\/es\/ya-tenemos-a-los-24-seleccionados-de-la-5a-edicion-de-los-premios-gaudeamusprojecta\/","og_site_name":"gaudeamusProjecta","article_published_time":"2022-07-29T15:30:00+00:00","article_modified_time":"2023-07-31T10:57:23+00:00","og_image":[{"url":"https:\/\/gaudeamusprojecta.dissenygrafic.org\/wp-content\/uploads\/2022\/07\/gP5ed_24_seleccionats-1024x576.jpg","type":"","width":"","height":""}],"author":"Projectes","twitter_card":"summary_large_image","twitter_image":"https:\/\/gaudeamusprojecta.dissenygrafic.org\/wp-content\/uploads\/2022\/07\/gP5ed_24_seleccionats-1024x576.jpg","twitter_misc":{"Escrito por":"Projectes","Tiempo de lectura":"3 minutos"},"schema":{"@context":"https:\/\/schema.org","@graph":[{"@type":"Article","@id":"https:\/\/gaudeamusprojecta.dissenygrafic.org\/es\/ya-tenemos-a-los-24-seleccionados-de-la-5a-edicion-de-los-premios-gaudeamusprojecta\/#article","isPartOf":{"@id":"https:\/\/gaudeamusprojecta.dissenygrafic.org\/es\/ya-tenemos-a-los-24-seleccionados-de-la-5a-edicion-de-los-premios-gaudeamusprojecta\/"},"author":{"name":"Projectes","@id":"https:\/\/gaudeamusprojecta.dissenygrafic.org\/es\/#\/schema\/person\/7db503d7cea7a2c1c7ef50867c203945"},"headline":"Ya tenemos a los 24 seleccionados de la 5\u00aa edici\u00f3n de los premios gaudeamusProjecta","datePublished":"2022-07-29T15:30:00+00:00","dateModified":"2023-07-31T10:57:23+00:00","mainEntityOfPage":{"@id":"https:\/\/gaudeamusprojecta.dissenygrafic.org\/es\/ya-tenemos-a-los-24-seleccionados-de-la-5a-edicion-de-los-premios-gaudeamusprojecta\/"},"wordCount":710,"publisher":{"@id":"https:\/\/gaudeamusprojecta.dissenygrafic.org\/es\/#organization"},"image":{"@id":"https:\/\/gaudeamusprojecta.dissenygrafic.org\/es\/ya-tenemos-a-los-24-seleccionados-de-la-5a-edicion-de-los-premios-gaudeamusprojecta\/#primaryimage"},"thumbnailUrl":"https:\/\/gaudeamusprojecta.dissenygrafic.org\/wp-content\/uploads\/2022\/07\/gP5ed_24_seleccionats_02.jpg","articleSection":["Noticias (ESP)"],"inLanguage":"es"},{"@type":"WebPage","@id":"https:\/\/gaudeamusprojecta.dissenygrafic.org\/es\/ya-tenemos-a-los-24-seleccionados-de-la-5a-edicion-de-los-premios-gaudeamusprojecta\/","url":"https:\/\/gaudeamusprojecta.dissenygrafic.org\/es\/ya-tenemos-a-los-24-seleccionados-de-la-5a-edicion-de-los-premios-gaudeamusprojecta\/","name":"Ya tenemos a los 24 seleccionados de la 5\u00aa edici\u00f3n de los premios gaudeamusProjecta - gaudeamusProjecta","isPartOf":{"@id":"https:\/\/gaudeamusprojecta.dissenygrafic.org\/es\/#website"},"primaryImageOfPage":{"@id":"https:\/\/gaudeamusprojecta.dissenygrafic.org\/es\/ya-tenemos-a-los-24-seleccionados-de-la-5a-edicion-de-los-premios-gaudeamusprojecta\/#primaryimage"},"image":{"@id":"https:\/\/gaudeamusprojecta.dissenygrafic.org\/es\/ya-tenemos-a-los-24-seleccionados-de-la-5a-edicion-de-los-premios-gaudeamusprojecta\/#primaryimage"},"thumbnailUrl":"https:\/\/gaudeamusprojecta.dissenygrafic.org\/wp-content\/uploads\/2022\/07\/gP5ed_24_seleccionats_02.jpg","datePublished":"2022-07-29T15:30:00+00:00","dateModified":"2023-07-31T10:57:23+00:00","description":"Ya tenemos la lista de los 24 seleccionados de la 5\u00aa edici\u00f3n de los premios gaudeamusPROJECTA.","breadcrumb":{"@id":"https:\/\/gaudeamusprojecta.dissenygrafic.org\/es\/ya-tenemos-a-los-24-seleccionados-de-la-5a-edicion-de-los-premios-gaudeamusprojecta\/#breadcrumb"},"inLanguage":"es","potentialAction":[{"@type":"ReadAction","target":["https:\/\/gaudeamusprojecta.dissenygrafic.org\/es\/ya-tenemos-a-los-24-seleccionados-de-la-5a-edicion-de-los-premios-gaudeamusprojecta\/"]}]},{"@type":"ImageObject","inLanguage":"es","@id":"https:\/\/gaudeamusprojecta.dissenygrafic.org\/es\/ya-tenemos-a-los-24-seleccionados-de-la-5a-edicion-de-los-premios-gaudeamusprojecta\/#primaryimage","url":"https:\/\/gaudeamusprojecta.dissenygrafic.org\/wp-content\/uploads\/2022\/07\/gP5ed_24_seleccionats_02.jpg","contentUrl":"https:\/\/gaudeamusprojecta.dissenygrafic.org\/wp-content\/uploads\/2022\/07\/gP5ed_24_seleccionats_02.jpg","width":800,"height":575},{"@type":"BreadcrumbList","@id":"https:\/\/gaudeamusprojecta.dissenygrafic.org\/es\/ya-tenemos-a-los-24-seleccionados-de-la-5a-edicion-de-los-premios-gaudeamusprojecta\/#breadcrumb","itemListElement":[{"@type":"ListItem","position":1,"name":"Portada","item":"https:\/\/gaudeamusprojecta.dissenygrafic.org\/es\/"},{"@type":"ListItem","position":2,"name":"Ya tenemos a los 24 seleccionados de la 5\u00aa edici\u00f3n de los premios gaudeamusProjecta"}]},{"@type":"WebSite","@id":"https:\/\/gaudeamusprojecta.dissenygrafic.org\/es\/#website","url":"https:\/\/gaudeamusprojecta.dissenygrafic.org\/es\/","name":"gaudeamusProjecta","description":"Premi Projecte Fi de Grau de Disseny Gr\u00e0fic","publisher":{"@id":"https:\/\/gaudeamusprojecta.dissenygrafic.org\/es\/#organization"},"potentialAction":[{"@type":"SearchAction","target":{"@type":"EntryPoint","urlTemplate":"https:\/\/gaudeamusprojecta.dissenygrafic.org\/es\/?s={search_term_string}"},"query-input":{"@type":"PropertyValueSpecification","valueRequired":true,"valueName":"search_term_string"}}],"inLanguage":"es"},{"@type":"Organization","@id":"https:\/\/gaudeamusprojecta.dissenygrafic.org\/es\/#organization","name":"gaudeamusProjecta","url":"https:\/\/gaudeamusprojecta.dissenygrafic.org\/es\/","logo":{"@type":"ImageObject","inLanguage":"es","@id":"https:\/\/gaudeamusprojecta.dissenygrafic.org\/es\/#\/schema\/logo\/image\/","url":"https:\/\/gaudeamusprojecta.dissenygrafic.org\/wp-content\/uploads\/2020\/09\/cropped-gaudeamusprojecta_logo-1.png","contentUrl":"https:\/\/gaudeamusprojecta.dissenygrafic.org\/wp-content\/uploads\/2020\/09\/cropped-gaudeamusprojecta_logo-1.png","width":220,"height":64,"caption":"gaudeamusProjecta"},"image":{"@id":"https:\/\/gaudeamusprojecta.dissenygrafic.org\/es\/#\/schema\/logo\/image\/"}},{"@type":"Person","@id":"https:\/\/gaudeamusprojecta.dissenygrafic.org\/es\/#\/schema\/person\/7db503d7cea7a2c1c7ef50867c203945","name":"Projectes","url":"https:\/\/gaudeamusprojecta.dissenygrafic.org\/es\/author\/projectes\/"}]}},"_links":{"self":[{"href":"https:\/\/gaudeamusprojecta.dissenygrafic.org\/es\/wp-json\/wp\/v2\/posts\/8416","targetHints":{"allow":["GET"]}}],"collection":[{"href":"https:\/\/gaudeamusprojecta.dissenygrafic.org\/es\/wp-json\/wp\/v2\/posts"}],"about":[{"href":"https:\/\/gaudeamusprojecta.dissenygrafic.org\/es\/wp-json\/wp\/v2\/types\/post"}],"author":[{"embeddable":true,"href":"https:\/\/gaudeamusprojecta.dissenygrafic.org\/es\/wp-json\/wp\/v2\/users\/3"}],"replies":[{"embeddable":true,"href":"https:\/\/gaudeamusprojecta.dissenygrafic.org\/es\/wp-json\/wp\/v2\/comments?post=8416"}],"version-history":[{"count":15,"href":"https:\/\/gaudeamusprojecta.dissenygrafic.org\/es\/wp-json\/wp\/v2\/posts\/8416\/revisions"}],"predecessor-version":[{"id":11795,"href":"https:\/\/gaudeamusprojecta.dissenygrafic.org\/es\/wp-json\/wp\/v2\/posts\/8416\/revisions\/11795"}],"wp:featuredmedia":[{"embeddable":true,"href":"https:\/\/gaudeamusprojecta.dissenygrafic.org\/es\/wp-json\/wp\/v2\/media\/7914"}],"wp:attachment":[{"href":"https:\/\/gaudeamusprojecta.dissenygrafic.org\/es\/wp-json\/wp\/v2\/media?parent=8416"}],"wp:term":[{"taxonomy":"category","embeddable":true,"href":"https:\/\/gaudeamusprojecta.dissenygrafic.org\/es\/wp-json\/wp\/v2\/categories?post=8416"},{"taxonomy":"post_tag","embeddable":true,"href":"https:\/\/gaudeamusprojecta.dissenygrafic.org\/es\/wp-json\/wp\/v2\/tags?post=8416"}],"curies":[{"name":"wp","href":"https:\/\/api.w.org\/{rel}","templated":true}]}}